{"id":2960,"date":"2019-11-26T15:19:29","date_gmt":"2019-11-26T14:19:29","guid":{"rendered":"https:\/\/agora.xtec.cat\/ceip-agsantandreu\/?p=2960"},"modified":"2019-12-18T22:15:56","modified_gmt":"2019-12-18T21:15:56","slug":"sortida-a-can-pou","status":"publish","type":"post","link":"https:\/\/agora.xtec.cat\/ceip-agsantandreu\/portada\/sortida-a-can-pou\/","title":{"rendered":"Sortida a Can Pou"},"content":{"rendered":"<p>Les alumnes i els alumnes de tercer hem visitat la masia de Can Pou. Hem fet pa i hem vist la granja d\u2019animals i l\u2019hort. Tamb\u00e9 hem fet una excursi\u00f3 pel bosc. Ens ho hem passat molt b\u00e9.<\/p>\n<p>&nbsp;<\/p>\n<p><a href=\"https:\/\/agora.xtec.cat\/ceip-agsantandreu\/portada\/sortida-a-can-pou\/attachment\/100_4076-copiar\/\" rel=\"attachment wp-att-2961\"><img loading=\"lazy\" decoding=\"async\" class=\"aligncenter size-medium wp-image-2961\" src=\"https:\/\/agora.xtec.cat\/ceip-agsantandreu\/wp-content\/uploads\/usu37\/2019\/11\/100_4076-Copiar-300x225.jpg\" alt=\"\" width=\"300\" height=\"225\" srcset=\"https:\/\/agora.xtec.cat\/ceip-agsantandreu\/wp-content\/uploads\/usu37\/2019\/11\/100_4076-Copiar-300x225.jpg 300w, https:\/\/agora.xtec.cat\/ceip-agsantandreu\/wp-content\/uploads\/usu37\/2019\/11\/100_4076-Copiar-768x576.jpg 768w, https:\/\/agora.xtec.cat\/ceip-agsantandreu\/wp-content\/uploads\/usu37\/2019\/11\/100_4076-Copiar.jpg 1024w, https:\/\/agora.xtec.cat\/ceip-agsantandreu\/wp-content\/uploads\/usu37\/2019\/11\/100_4076-Copiar-200x150.jpg 200w\" sizes=\"auto, (max-width: 300px) 100vw, 300px\" \/><\/a><\/p>\n<p><a href=\"https:\/\/photos.app.goo.gl\/v4aqEpJpYM7hQtTF6\">Sortida a Can Pou<\/a><\/p>\n","protected":false},"excerpt":{"rendered":"<p>Les alumnes i els alumnes de tercer hem visitat la masia de Can Pou. Hem fet pa i hem vist la granja d\u2019animals i l\u2019hort. Tamb\u00e9 hem fet una excursi\u00f3 pel bosc. Ens ho hem passat molt b\u00e9.<br \/>\n&nbsp;<br \/>\n<a href=\"https:\/\/agora.xtec.cat\/ceip-agsantandreu\/portada\/sortida-a-can-pou\/attachment\/100_4076-copiar\/\" rel=\"attachment wp-att-2961\"><\/a><br \/>\n<a href=\"https:\/\/photos.app.goo.gl\/v4aqEpJpYM7hQtTF6\">Sortida a Can Pou<\/a><\/p>\n","protected":false},"author":3,"featured_media":0,"comment_status":"closed","ping_status":"closed","sticky":false,"template":"","format":"standard","meta":{"_bbp_topic_count":0,"_bbp_reply_count":0,"_bbp_total_topic_count":0,"_bbp_total_reply_count":0,"_bbp_voice_count":0,"_bbp_anonymous_reply_count":0,"_bbp_topic_count_hidden":0,"_bbp_reply_count_hidden":0,"_bbp_forum_subforum_count":0,"footnotes":""},"categories":[58,4],"tags":[],"class_list":["post-2960","post","type-post","status-publish","format-standard","hentry","category-mitjans-mitjans","category-portada"],"post_mailing_queue_ids":[],"_links":{"self":[{"href":"https:\/\/agora.xtec.cat\/ceip-agsantandreu\/wp-json\/wp\/v2\/posts\/2960","targetHints":{"allow":["GET"]}}],"collection":[{"href":"https:\/\/agora.xtec.cat\/ceip-agsantandreu\/wp-json\/wp\/v2\/posts"}],"about":[{"href":"https:\/\/agora.xtec.cat\/ceip-agsantandreu\/wp-json\/wp\/v2\/types\/post"}],"author":[{"embeddable":true,"href":"https:\/\/agora.xtec.cat\/ceip-agsantandreu\/wp-json\/wp\/v2\/users\/3"}],"replies":[{"embeddable":true,"href":"https:\/\/agora.xtec.cat\/ceip-agsantandreu\/wp-json\/wp\/v2\/comments?post=2960"}],"version-history":[{"count":2,"href":"https:\/\/agora.xtec.cat\/ceip-agsantandreu\/wp-json\/wp\/v2\/posts\/2960\/revisions"}],"predecessor-version":[{"id":2963,"href":"https:\/\/agora.xtec.cat\/ceip-agsantandreu\/wp-json\/wp\/v2\/posts\/2960\/revisions\/2963"}],"wp:attachment":[{"href":"https:\/\/agora.xtec.cat\/ceip-agsantandreu\/wp-json\/wp\/v2\/media?parent=2960"}],"wp:term":[{"taxonomy":"category","embeddable":true,"href":"https:\/\/agora.xtec.cat\/ceip-agsantandreu\/wp-json\/wp\/v2\/categories?post=2960"},{"taxonomy":"post_tag","embeddable":true,"href":"https:\/\/agora.xtec.cat\/ceip-agsantandreu\/wp-json\/wp\/v2\/tags?post=2960"}],"curies":[{"name":"wp","href":"https:\/\/api.w.org\/{rel}","templated":true}]}}