{"id":2952,"date":"2019-11-25T21:08:39","date_gmt":"2019-11-25T20:08:39","guid":{"rendered":"https:\/\/agora.xtec.cat\/ceip-agsantandreu\/?p=2952"},"modified":"2019-11-25T21:24:59","modified_gmt":"2019-11-25T20:24:59","slug":"primer-i-miro","status":"publish","type":"post","link":"https:\/\/agora.xtec.cat\/ceip-agsantandreu\/general\/primer-i-miro\/","title":{"rendered":"Primer i Mir\u00f3"},"content":{"rendered":"<p>Hola fam\u00edlies!! Com ja sabeu hem estat part d&#8217;aquest primer trimestre treballant al fam\u00f3s pintor Joan Mir\u00f3. Per arrodonir aquest treball el passat dijous, vam visitar la Fundaci\u00f3 Joan Mir\u00f3 a Barcelona. Va ser una visita molt interessant i vam poder veure alguns del quadres que hav\u00edem treballat a classe i fer un taller amb pintura. Aqu\u00ed us deixem una mostra de fotografies d&#8217;algunes de les activitats que hem fet sobre Mir\u00f3.<a href=\"https:\/\/agora.xtec.cat\/ceip-agsantandreu\/general\/primer-i-miro\/attachment\/portadamiro\/\" rel=\"attachment wp-att-2953\"><img loading=\"lazy\" decoding=\"async\" class=\"aligncenter size-medium wp-image-2953\" src=\"https:\/\/agora.xtec.cat\/ceip-agsantandreu\/wp-content\/uploads\/usu37\/2019\/11\/portadaMiro-300x225.jpg\" alt=\"\" width=\"300\" height=\"225\" srcset=\"https:\/\/agora.xtec.cat\/ceip-agsantandreu\/wp-content\/uploads\/usu37\/2019\/11\/portadaMiro-300x225.jpg 300w, https:\/\/agora.xtec.cat\/ceip-agsantandreu\/wp-content\/uploads\/usu37\/2019\/11\/portadaMiro-768x576.jpg 768w, https:\/\/agora.xtec.cat\/ceip-agsantandreu\/wp-content\/uploads\/usu37\/2019\/11\/portadaMiro.jpg 1024w, https:\/\/agora.xtec.cat\/ceip-agsantandreu\/wp-content\/uploads\/usu37\/2019\/11\/portadaMiro-200x150.jpg 200w\" sizes=\"auto, (max-width: 300px) 100vw, 300px\" \/><\/a><\/p>\n<p><a href=\"https:\/\/photos.app.goo.gl\/uRTVCTtwx4Rpu8TF6\">FOTOS<\/a><\/p>\n","protected":false},"excerpt":{"rendered":"<p>Hola fam\u00edlies!! Com ja sabeu hem estat part d&#8217;aquest primer trimestre treballant al fam\u00f3s pintor Joan Mir\u00f3. Per arrodonir aquest treball el passat dijous, vam visitar la Fundaci\u00f3 Joan Mir\u00f3 a Barcelona. Va ser una visita molt interessant i vam poder veure alguns del quadres&hellip;  <a href=\"https:\/\/agora.xtec.cat\/ceip-agsantandreu\/general\/primer-i-miro\/\" title=\"Read Primer i Mir\u00f3\">Llegeix m\u00e9s\u00bb<\/a><\/p>\n","protected":false},"author":3,"featured_media":2953,"comment_status":"closed","ping_status":"closed","sticky":false,"template":"","format":"standard","meta":{"_bbp_topic_count":0,"_bbp_reply_count":0,"_bbp_total_topic_count":0,"_bbp_total_reply_count":0,"_bbp_voice_count":0,"_bbp_anonymous_reply_count":0,"_bbp_topic_count_hidden":0,"_bbp_reply_count_hidden":0,"_bbp_forum_subforum_count":0,"footnotes":""},"categories":[5,57,1,4],"tags":[],"class_list":["post-2952","post","type-post","status-publish","format-standard","has-post-thumbnail","hentry","category-mitjans","category-comunitats","category-general","category-portada"],"post_mailing_queue_ids":[],"_links":{"self":[{"href":"https:\/\/agora.xtec.cat\/ceip-agsantandreu\/wp-json\/wp\/v2\/posts\/2952","targetHints":{"allow":["GET"]}}],"collection":[{"href":"https:\/\/agora.xtec.cat\/ceip-agsantandreu\/wp-json\/wp\/v2\/posts"}],"about":[{"href":"https:\/\/agora.xtec.cat\/ceip-agsantandreu\/wp-json\/wp\/v2\/types\/post"}],"author":[{"embeddable":true,"href":"https:\/\/agora.xtec.cat\/ceip-agsantandreu\/wp-json\/wp\/v2\/users\/3"}],"replies":[{"embeddable":true,"href":"https:\/\/agora.xtec.cat\/ceip-agsantandreu\/wp-json\/wp\/v2\/comments?post=2952"}],"version-history":[{"count":2,"href":"https:\/\/agora.xtec.cat\/ceip-agsantandreu\/wp-json\/wp\/v2\/posts\/2952\/revisions"}],"predecessor-version":[{"id":2955,"href":"https:\/\/agora.xtec.cat\/ceip-agsantandreu\/wp-json\/wp\/v2\/posts\/2952\/revisions\/2955"}],"wp:featuredmedia":[{"embeddable":true,"href":"https:\/\/agora.xtec.cat\/ceip-agsantandreu\/wp-json\/wp\/v2\/media\/2953"}],"wp:attachment":[{"href":"https:\/\/agora.xtec.cat\/ceip-agsantandreu\/wp-json\/wp\/v2\/media?parent=2952"}],"wp:term":[{"taxonomy":"category","embeddable":true,"href":"https:\/\/agora.xtec.cat\/ceip-agsantandreu\/wp-json\/wp\/v2\/categories?post=2952"},{"taxonomy":"post_tag","embeddable":true,"href":"https:\/\/agora.xtec.cat\/ceip-agsantandreu\/wp-json\/wp\/v2\/tags?post=2952"}],"curies":[{"name":"wp","href":"https:\/\/api.w.org\/{rel}","templated":true}]}}