{"id":2901,"date":"2019-11-14T13:04:03","date_gmt":"2019-11-14T12:04:03","guid":{"rendered":"https:\/\/agora.xtec.cat\/ceip-agsantandreu\/?p=2901"},"modified":"2019-11-14T13:04:03","modified_gmt":"2019-11-14T12:04:03","slug":"4t-a-sant-marti-sarroca","status":"publish","type":"post","link":"https:\/\/agora.xtec.cat\/ceip-agsantandreu\/general\/4t-a-sant-marti-sarroca\/","title":{"rendered":"4t a Sant Mart\u00ed Sarroca"},"content":{"rendered":"<p>&nbsp;<\/p>\n<p><a href=\"https:\/\/agora.xtec.cat\/ceip-agsantandreu\/general\/4t-a-sant-marti-sarroca\/attachment\/thumbnail_d88edfb3-89bb-494f-b49b-f83ee294bc43\/\" rel=\"attachment wp-att-2903\"><img loading=\"lazy\" decoding=\"async\" class=\"aligncenter size-medium wp-image-2903\" src=\"https:\/\/agora.xtec.cat\/ceip-agsantandreu\/wp-content\/uploads\/usu37\/2019\/11\/thumbnail_d88edfb3-89bb-494f-b49b-f83ee294bc43-146x300.jpg\" alt=\"\" width=\"146\" height=\"300\" srcset=\"https:\/\/agora.xtec.cat\/ceip-agsantandreu\/wp-content\/uploads\/usu37\/2019\/11\/thumbnail_d88edfb3-89bb-494f-b49b-f83ee294bc43-146x300.jpg 146w, https:\/\/agora.xtec.cat\/ceip-agsantandreu\/wp-content\/uploads\/usu37\/2019\/11\/thumbnail_d88edfb3-89bb-494f-b49b-f83ee294bc43-498x1024.jpg 498w, https:\/\/agora.xtec.cat\/ceip-agsantandreu\/wp-content\/uploads\/usu37\/2019\/11\/thumbnail_d88edfb3-89bb-494f-b49b-f83ee294bc43.jpg 622w\" sizes=\"auto, (max-width: 146px) 100vw, 146px\" \/><\/a><\/p>\n<p>El passat dimarts, l\u2019alumnat de quart vam anar d\u2019excursi\u00f3 a Sant Mart\u00ed Sarroca.\u00a0 \u00a0Abans d\u2019arribar \u00a0vam esmorzar a Guardiola de Font Rub\u00ed. \u00a0All\u00e0 ens esperaven els nostres monitors per comen\u00e7ar la primera part de l\u2019activitat.<\/p>\n<p>Ens van explicar el proc\u00e9s de com es fa l\u2019oli, des del moment en que s\u2019agafen les olives fins que es recull \u201cel suc\u201d. Vam veure tot el proc\u00e9s, de com es feia antigament i com es fa ara amb l\u2019ajuda de les m\u00e0quines.<\/p>\n<p>Un cop vam acabar ens vam traslladar fins a Sant Mart\u00ed Sarroca, a una casa de col\u00f2nies. All\u00e0 vam ser nosaltres els qui vam recollir algunes olives per tal de poder emportar-nos-les a casa i poder menjar-les quan estiguin b\u00e9, ja que necessiten un proc\u00e9s.<\/p>\n<p>Ens ho vam passar molt b\u00e9 i ben aprendre molt.<\/p>\n<p><a href=\"https:\/\/photos.app.goo.gl\/KeTfp7TrGwwbYgJ67\">Aqu\u00ed<\/a> teniu un recull d\u2019alguns dels moments viscuts.<\/p>\n","protected":false},"excerpt":{"rendered":"<p>&nbsp;<br \/>\n<a href=\"https:\/\/agora.xtec.cat\/ceip-agsantandreu\/general\/4t-a-sant-marti-sarroca\/attachment\/thumbnail_d88edfb3-89bb-494f-b49b-f83ee294bc43\/\" rel=\"attachment wp-att-2903\"><\/a><br \/>\nEl passat dimarts, l\u2019alumnat de quart vam anar d\u2019excursi\u00f3 a Sant Mart\u00ed Sarroca.\u00a0 \u00a0Abans d\u2019arribar \u00a0vam esmorzar a Guardiola de Font Rub\u00ed. \u00a0All\u00e0 ens esperaven els nostres monitors per comen\u00e7ar la primera part de l\u2019activitat.<br \/>\nEns van explicar el proc\u00e9s de com es&hellip;  <a href=\"https:\/\/agora.xtec.cat\/ceip-agsantandreu\/general\/4t-a-sant-marti-sarroca\/\" title=\"Read 4t a Sant Mart\u00ed Sarroca\">Llegeix m\u00e9s\u00bb<\/a><\/p>\n","protected":false},"author":3,"featured_media":0,"comment_status":"closed","ping_status":"closed","sticky":false,"template":"","format":"standard","meta":{"_bbp_topic_count":0,"_bbp_reply_count":0,"_bbp_total_topic_count":0,"_bbp_total_reply_count":0,"_bbp_voice_count":0,"_bbp_anonymous_reply_count":0,"_bbp_topic_count_hidden":0,"_bbp_reply_count_hidden":0,"_bbp_forum_subforum_count":0,"footnotes":""},"categories":[58,1,4],"tags":[],"class_list":["post-2901","post","type-post","status-publish","format-standard","hentry","category-mitjans-mitjans","category-general","category-portada"],"post_mailing_queue_ids":[],"_links":{"self":[{"href":"https:\/\/agora.xtec.cat\/ceip-agsantandreu\/wp-json\/wp\/v2\/posts\/2901","targetHints":{"allow":["GET"]}}],"collection":[{"href":"https:\/\/agora.xtec.cat\/ceip-agsantandreu\/wp-json\/wp\/v2\/posts"}],"about":[{"href":"https:\/\/agora.xtec.cat\/ceip-agsantandreu\/wp-json\/wp\/v2\/types\/post"}],"author":[{"embeddable":true,"href":"https:\/\/agora.xtec.cat\/ceip-agsantandreu\/wp-json\/wp\/v2\/users\/3"}],"replies":[{"embeddable":true,"href":"https:\/\/agora.xtec.cat\/ceip-agsantandreu\/wp-json\/wp\/v2\/comments?post=2901"}],"version-history":[{"count":2,"href":"https:\/\/agora.xtec.cat\/ceip-agsantandreu\/wp-json\/wp\/v2\/posts\/2901\/revisions"}],"predecessor-version":[{"id":2905,"href":"https:\/\/agora.xtec.cat\/ceip-agsantandreu\/wp-json\/wp\/v2\/posts\/2901\/revisions\/2905"}],"wp:attachment":[{"href":"https:\/\/agora.xtec.cat\/ceip-agsantandreu\/wp-json\/wp\/v2\/media?parent=2901"}],"wp:term":[{"taxonomy":"category","embeddable":true,"href":"https:\/\/agora.xtec.cat\/ceip-agsantandreu\/wp-json\/wp\/v2\/categories?post=2901"},{"taxonomy":"post_tag","embeddable":true,"href":"https:\/\/agora.xtec.cat\/ceip-agsantandreu\/wp-json\/wp\/v2\/tags?post=2901"}],"curies":[{"name":"wp","href":"https:\/\/api.w.org\/{rel}","templated":true}]}}