{"id":2798,"date":"2019-11-04T15:17:26","date_gmt":"2019-11-04T14:17:26","guid":{"rendered":"https:\/\/agora.xtec.cat\/ceip-agsantandreu\/?p=2798"},"modified":"2019-11-04T15:19:00","modified_gmt":"2019-11-04T14:19:00","slug":"halloween-al-cicle-superior","status":"publish","type":"post","link":"https:\/\/agora.xtec.cat\/ceip-agsantandreu\/portada\/halloween-al-cicle-superior\/","title":{"rendered":"Halloween al cicle superior"},"content":{"rendered":"<p>Els dies 28 i 29 d\u2019octubre, com a celebraci\u00f3 de la festa de \u201cHalloween\u201d els alumnes de 6\u00e8 hem anat per les classes per posar en pr\u00e0ctica una tradici\u00f3 Irlandesa, el \u201cTrick or Treat\u201d. A m\u00e9s a m\u00e9s, s\u2019ha fet una exposici\u00f3 de maquetes dissenyades per ells amb diferents materials. Us deixem aqu\u00ed una petita mostra.<\/p>\n<p><a href=\"https:\/\/agora.xtec.cat\/ceip-agsantandreu\/portada\/halloween-al-cicle-superior\/attachment\/img_7264\/\" rel=\"attachment wp-att-2799\"><img loading=\"lazy\" decoding=\"async\" class=\"aligncenter size-medium wp-image-2799\" src=\"https:\/\/agora.xtec.cat\/ceip-agsantandreu\/wp-content\/uploads\/usu37\/2019\/11\/IMG_7264-300x225.jpg\" alt=\"\" width=\"300\" height=\"225\" srcset=\"https:\/\/agora.xtec.cat\/ceip-agsantandreu\/wp-content\/uploads\/usu37\/2019\/11\/IMG_7264-300x225.jpg 300w, https:\/\/agora.xtec.cat\/ceip-agsantandreu\/wp-content\/uploads\/usu37\/2019\/11\/IMG_7264-768x576.jpg 768w, https:\/\/agora.xtec.cat\/ceip-agsantandreu\/wp-content\/uploads\/usu37\/2019\/11\/IMG_7264-1024x768.jpg 1024w, https:\/\/agora.xtec.cat\/ceip-agsantandreu\/wp-content\/uploads\/usu37\/2019\/11\/IMG_7264-200x150.jpg 200w\" sizes=\"auto, (max-width: 300px) 100vw, 300px\" \/><\/a><\/p>\n<p><a href=\"https:\/\/photos.app.goo.gl\/TmQzbwE6Gofb83Fd6\" target=\"_blank\" rel=\"noopener noreferrer\">Fotografies Halloween 2019<\/a><\/p>\n","protected":false},"excerpt":{"rendered":"<p>Els dies 28 i 29 d\u2019octubre, com a celebraci\u00f3 de la festa de \u201cHalloween\u201d els alumnes de 6\u00e8 hem anat per les classes per posar en pr\u00e0ctica una tradici\u00f3 Irlandesa, el \u201cTrick or Treat\u201d. A m\u00e9s a m\u00e9s, s\u2019ha fet una exposici\u00f3 de maquetes dissenyades&hellip;  <a href=\"https:\/\/agora.xtec.cat\/ceip-agsantandreu\/portada\/halloween-al-cicle-superior\/\" title=\"Read Halloween al cicle superior\">Llegeix m\u00e9s\u00bb<\/a><\/p>\n","protected":false},"author":3,"featured_media":2799,"comment_status":"closed","ping_status":"closed","sticky":false,"template":"","format":"standard","meta":{"_bbp_topic_count":0,"_bbp_reply_count":0,"_bbp_total_topic_count":0,"_bbp_total_reply_count":0,"_bbp_voice_count":0,"_bbp_anonymous_reply_count":0,"_bbp_topic_count_hidden":0,"_bbp_reply_count_hidden":0,"_bbp_forum_subforum_count":0,"footnotes":""},"categories":[59,4],"tags":[],"class_list":["post-2798","post","type-post","status-publish","format-standard","has-post-thumbnail","hentry","category-grans","category-portada"],"post_mailing_queue_ids":[],"_links":{"self":[{"href":"https:\/\/agora.xtec.cat\/ceip-agsantandreu\/wp-json\/wp\/v2\/posts\/2798","targetHints":{"allow":["GET"]}}],"collection":[{"href":"https:\/\/agora.xtec.cat\/ceip-agsantandreu\/wp-json\/wp\/v2\/posts"}],"about":[{"href":"https:\/\/agora.xtec.cat\/ceip-agsantandreu\/wp-json\/wp\/v2\/types\/post"}],"author":[{"embeddable":true,"href":"https:\/\/agora.xtec.cat\/ceip-agsantandreu\/wp-json\/wp\/v2\/users\/3"}],"replies":[{"embeddable":true,"href":"https:\/\/agora.xtec.cat\/ceip-agsantandreu\/wp-json\/wp\/v2\/comments?post=2798"}],"version-history":[{"count":2,"href":"https:\/\/agora.xtec.cat\/ceip-agsantandreu\/wp-json\/wp\/v2\/posts\/2798\/revisions"}],"predecessor-version":[{"id":2801,"href":"https:\/\/agora.xtec.cat\/ceip-agsantandreu\/wp-json\/wp\/v2\/posts\/2798\/revisions\/2801"}],"wp:featuredmedia":[{"embeddable":true,"href":"https:\/\/agora.xtec.cat\/ceip-agsantandreu\/wp-json\/wp\/v2\/media\/2799"}],"wp:attachment":[{"href":"https:\/\/agora.xtec.cat\/ceip-agsantandreu\/wp-json\/wp\/v2\/media?parent=2798"}],"wp:term":[{"taxonomy":"category","embeddable":true,"href":"https:\/\/agora.xtec.cat\/ceip-agsantandreu\/wp-json\/wp\/v2\/categories?post=2798"},{"taxonomy":"post_tag","embeddable":true,"href":"https:\/\/agora.xtec.cat\/ceip-agsantandreu\/wp-json\/wp\/v2\/tags?post=2798"}],"curies":[{"name":"wp","href":"https:\/\/api.w.org\/{rel}","templated":true}]}}