{"id":2710,"date":"2019-10-15T13:21:51","date_gmt":"2019-10-15T11:21:51","guid":{"rendered":"https:\/\/agora.xtec.cat\/ceip-agsantandreu\/?p=2710"},"modified":"2019-10-15T13:23:45","modified_gmt":"2019-10-15T11:23:45","slug":"donem-la-benvinguda-als-racons-de-5e","status":"publish","type":"post","link":"https:\/\/agora.xtec.cat\/ceip-agsantandreu\/portada\/donem-la-benvinguda-als-racons-de-5e\/","title":{"rendered":"Donem la benvinguda als racons de 5\u00e8!"},"content":{"rendered":"<p>A cinqu\u00e8 hem comen\u00e7at el treball per racons a l&#8217;\u00e0rea de catal\u00e0. Unes activitats que es treballaran setmanalment de manera conjunta amb tasques de comprensi\u00f3 i expressi\u00f3 oral.<\/p>\n<p>Amb els racons que fem servir, treballem diversos aspectes de la llengua com s\u00f3n la gram\u00e0tica, la comprensi\u00f3 lectora, el vocabulari, l&#8217;ortografia&#8230;<\/p>\n<p>Aqu\u00ed us deixem una mostra del que suposa aprendre catal\u00e0 d&#8217;una manera m\u00e9s l\u00fadica.<\/p>\n<p><a href=\"https:\/\/agora.xtec.cat\/ceip-agsantandreu\/general\/donem-la-benvinguda-als-racons-de-5e\/attachment\/img_1969\/\" rel=\"attachment wp-att-2711\"><img loading=\"lazy\" decoding=\"async\" class=\"alignleft size-medium wp-image-2711\" src=\"https:\/\/agora.xtec.cat\/ceip-agsantandreu\/wp-content\/uploads\/usu37\/2019\/10\/IMG_1969-300x225.jpg\" alt=\"\" width=\"300\" height=\"225\" srcset=\"https:\/\/agora.xtec.cat\/ceip-agsantandreu\/wp-content\/uploads\/usu37\/2019\/10\/IMG_1969-300x225.jpg 300w, https:\/\/agora.xtec.cat\/ceip-agsantandreu\/wp-content\/uploads\/usu37\/2019\/10\/IMG_1969-768x576.jpg 768w, https:\/\/agora.xtec.cat\/ceip-agsantandreu\/wp-content\/uploads\/usu37\/2019\/10\/IMG_1969-1024x768.jpg 1024w, https:\/\/agora.xtec.cat\/ceip-agsantandreu\/wp-content\/uploads\/usu37\/2019\/10\/IMG_1969-200x150.jpg 200w, https:\/\/agora.xtec.cat\/ceip-agsantandreu\/wp-content\/uploads\/usu37\/2019\/10\/IMG_1969.jpg 2016w\" sizes=\"auto, (max-width: 300px) 100vw, 300px\" \/><\/a><\/p>\n<p><a href=\"https:\/\/photos.app.goo.gl\/YXmQd8bXrRS9cSw99\" target=\"_blank\" rel=\"noopener noreferrer\">Racons de catal\u00e0 a 5\u00e8. Curs 2019\/20<\/a><\/p>\n","protected":false},"excerpt":{"rendered":"<p>A cinqu\u00e8 hem comen\u00e7at el treball per racons a l&#8217;\u00e0rea de catal\u00e0. Unes activitats que es treballaran setmanalment de manera conjunta amb tasques de comprensi\u00f3 i expressi\u00f3 oral.<br \/>\nAmb els racons que fem servir, treballem diversos aspectes de la llengua com s\u00f3n la gram\u00e0tica, la comprensi\u00f3&hellip;  <a href=\"https:\/\/agora.xtec.cat\/ceip-agsantandreu\/portada\/donem-la-benvinguda-als-racons-de-5e\/\" title=\"Read Donem la benvinguda als racons de 5\u00e8!\">Llegeix m\u00e9s\u00bb<\/a><\/p>\n","protected":false},"author":3,"featured_media":0,"comment_status":"closed","ping_status":"closed","sticky":false,"template":"","format":"standard","meta":{"_bbp_topic_count":0,"_bbp_reply_count":0,"_bbp_total_topic_count":0,"_bbp_total_reply_count":0,"_bbp_voice_count":0,"_bbp_anonymous_reply_count":0,"_bbp_topic_count_hidden":0,"_bbp_reply_count_hidden":0,"_bbp_forum_subforum_count":0,"footnotes":""},"categories":[59,4],"tags":[],"class_list":["post-2710","post","type-post","status-publish","format-standard","hentry","category-grans","category-portada"],"post_mailing_queue_ids":[],"_links":{"self":[{"href":"https:\/\/agora.xtec.cat\/ceip-agsantandreu\/wp-json\/wp\/v2\/posts\/2710","targetHints":{"allow":["GET"]}}],"collection":[{"href":"https:\/\/agora.xtec.cat\/ceip-agsantandreu\/wp-json\/wp\/v2\/posts"}],"about":[{"href":"https:\/\/agora.xtec.cat\/ceip-agsantandreu\/wp-json\/wp\/v2\/types\/post"}],"author":[{"embeddable":true,"href":"https:\/\/agora.xtec.cat\/ceip-agsantandreu\/wp-json\/wp\/v2\/users\/3"}],"replies":[{"embeddable":true,"href":"https:\/\/agora.xtec.cat\/ceip-agsantandreu\/wp-json\/wp\/v2\/comments?post=2710"}],"version-history":[{"count":2,"href":"https:\/\/agora.xtec.cat\/ceip-agsantandreu\/wp-json\/wp\/v2\/posts\/2710\/revisions"}],"predecessor-version":[{"id":2713,"href":"https:\/\/agora.xtec.cat\/ceip-agsantandreu\/wp-json\/wp\/v2\/posts\/2710\/revisions\/2713"}],"wp:attachment":[{"href":"https:\/\/agora.xtec.cat\/ceip-agsantandreu\/wp-json\/wp\/v2\/media?parent=2710"}],"wp:term":[{"taxonomy":"category","embeddable":true,"href":"https:\/\/agora.xtec.cat\/ceip-agsantandreu\/wp-json\/wp\/v2\/categories?post=2710"},{"taxonomy":"post_tag","embeddable":true,"href":"https:\/\/agora.xtec.cat\/ceip-agsantandreu\/wp-json\/wp\/v2\/tags?post=2710"}],"curies":[{"name":"wp","href":"https:\/\/api.w.org\/{rel}","templated":true}]}}