{"id":2599,"date":"2019-06-17T14:15:01","date_gmt":"2019-06-17T12:15:01","guid":{"rendered":"http:\/\/agora.xtec.cat\/ceip-agsantandreu\/?p=2599"},"modified":"2019-06-17T14:17:19","modified_gmt":"2019-06-17T12:17:19","slug":"funny-day","status":"publish","type":"post","link":"https:\/\/agora.xtec.cat\/ceip-agsantandreu\/portada\/funny-day\/","title":{"rendered":"Funny Day"},"content":{"rendered":"<p>Els alumnes de 5\u00e8 de Prim\u00e0ria de l\u2019escola \u00c0ngel Guimer\u00e0 junt amb els alumnes de 5\u00e8 de Prim\u00e0ria de l\u2019escola J.J. Ortiz de Sant Andreu de la Barca, vam passar un dia d\u2019all\u00f2 m\u00e9s divertit, celebrant el Funny Day, fent una gimcana que havien preparat els alumnes de 3r d\u2019ESO de l\u2019Institut Sant Andreu on la llengua vehicular per fer les activitats era l\u2019angl\u00e8s. Aqu\u00ed deixem algunes fotografies!<\/p>\n<p><a href=\"https:\/\/photos.google.com\/share\/AF1QipMMi0VYgZmTAWvxMF1k7qwiePZrDTwdz0DUoZGmNN8erG7U64Vs8oo7gedYU_VaCA?key=TFU4LWdvbEZkY2l3ekNaU2xFQS1BUUhtRlcxaXZB\" target=\"_blank\" rel=\"attachment noopener wp-att-2600 noreferrer\"><img loading=\"lazy\" decoding=\"async\" class=\"aligncenter wp-image-2600 size-medium\" src=\"https:\/\/agora.xtec.cat\/ceip-agsantandreu\/wp-content\/uploads\/usu37\/2019\/06\/IMG_6179photo-Copiar-300x225.jpg\" alt=\"\" width=\"300\" height=\"225\" srcset=\"https:\/\/agora.xtec.cat\/ceip-agsantandreu\/wp-content\/uploads\/usu37\/2019\/06\/IMG_6179photo-Copiar-300x225.jpg 300w, https:\/\/agora.xtec.cat\/ceip-agsantandreu\/wp-content\/uploads\/usu37\/2019\/06\/IMG_6179photo-Copiar-768x576.jpg 768w, https:\/\/agora.xtec.cat\/ceip-agsantandreu\/wp-content\/uploads\/usu37\/2019\/06\/IMG_6179photo-Copiar.jpg 1024w, https:\/\/agora.xtec.cat\/ceip-agsantandreu\/wp-content\/uploads\/usu37\/2019\/06\/IMG_6179photo-Copiar-200x150.jpg 200w\" sizes=\"auto, (max-width: 300px) 100vw, 300px\" \/><\/a><\/p>\n<p><a href=\"https:\/\/photos.app.goo.gl\/hFSY54C6XMFpUSz77\">Fotos<\/a><\/p>\n<p>&nbsp;<\/p>\n","protected":false},"excerpt":{"rendered":"<p>Els alumnes de 5\u00e8 de Prim\u00e0ria de l\u2019escola \u00c0ngel Guimer\u00e0 junt amb els alumnes de 5\u00e8 de Prim\u00e0ria de l\u2019escola J.J. Ortiz de Sant Andreu de la Barca, vam passar un dia d\u2019all\u00f2 m\u00e9s divertit, celebrant el Funny Day, fent una gimcana que havien preparat&hellip;  <a href=\"https:\/\/agora.xtec.cat\/ceip-agsantandreu\/portada\/funny-day\/\" title=\"Read Funny Day\">Llegeix m\u00e9s\u00bb<\/a><\/p>\n","protected":false},"author":3,"featured_media":0,"comment_status":"closed","ping_status":"closed","sticky":false,"template":"","format":"standard","meta":{"_bbp_topic_count":0,"_bbp_reply_count":0,"_bbp_total_topic_count":0,"_bbp_total_reply_count":0,"_bbp_voice_count":0,"_bbp_anonymous_reply_count":0,"_bbp_topic_count_hidden":0,"_bbp_reply_count_hidden":0,"_bbp_forum_subforum_count":0,"footnotes":""},"categories":[59,4],"tags":[],"class_list":["post-2599","post","type-post","status-publish","format-standard","hentry","category-grans","category-portada"],"post_mailing_queue_ids":[],"_links":{"self":[{"href":"https:\/\/agora.xtec.cat\/ceip-agsantandreu\/wp-json\/wp\/v2\/posts\/2599","targetHints":{"allow":["GET"]}}],"collection":[{"href":"https:\/\/agora.xtec.cat\/ceip-agsantandreu\/wp-json\/wp\/v2\/posts"}],"about":[{"href":"https:\/\/agora.xtec.cat\/ceip-agsantandreu\/wp-json\/wp\/v2\/types\/post"}],"author":[{"embeddable":true,"href":"https:\/\/agora.xtec.cat\/ceip-agsantandreu\/wp-json\/wp\/v2\/users\/3"}],"replies":[{"embeddable":true,"href":"https:\/\/agora.xtec.cat\/ceip-agsantandreu\/wp-json\/wp\/v2\/comments?post=2599"}],"version-history":[{"count":3,"href":"https:\/\/agora.xtec.cat\/ceip-agsantandreu\/wp-json\/wp\/v2\/posts\/2599\/revisions"}],"predecessor-version":[{"id":2603,"href":"https:\/\/agora.xtec.cat\/ceip-agsantandreu\/wp-json\/wp\/v2\/posts\/2599\/revisions\/2603"}],"wp:attachment":[{"href":"https:\/\/agora.xtec.cat\/ceip-agsantandreu\/wp-json\/wp\/v2\/media?parent=2599"}],"wp:term":[{"taxonomy":"category","embeddable":true,"href":"https:\/\/agora.xtec.cat\/ceip-agsantandreu\/wp-json\/wp\/v2\/categories?post=2599"},{"taxonomy":"post_tag","embeddable":true,"href":"https:\/\/agora.xtec.cat\/ceip-agsantandreu\/wp-json\/wp\/v2\/tags?post=2599"}],"curies":[{"name":"wp","href":"https:\/\/api.w.org\/{rel}","templated":true}]}}