{"id":2577,"date":"2019-06-13T14:15:05","date_gmt":"2019-06-13T12:15:05","guid":{"rendered":"http:\/\/agora.xtec.cat\/ceip-agsantandreu\/?p=2577"},"modified":"2019-06-14T09:54:38","modified_gmt":"2019-06-14T07:54:38","slug":"sortida-a-can-coll","status":"publish","type":"post","link":"https:\/\/agora.xtec.cat\/ceip-agsantandreu\/general\/sortida-a-can-coll\/","title":{"rendered":"SORTIDA A CAN COLL P4!"},"content":{"rendered":"<p>El passat dimecres dia 12 de juny vam anar d\u2019excursi\u00f3 a Can Coll, Collserola.<\/p>\n<p>En arribar, vam estar esperant al contacontes&#8230;. per\u00f2 estava fet un embolic i tenia una barreja de contes al cap\u2026 Aix\u00ed doncs, el vam haver d\u2019ajudar a aclarir-se fent una gimcana, on hav\u00edem de fer diferents proves i recorreguts.<\/p>\n<p>Ens ho hem passat d&#8217;all\u00f2 m\u00e9s b\u00e9!!! Fins i tot ens van pintar la cara dels nostres personatges preferits!<\/p>\n<p>Ha estat una sortida molt divertida i ens ha servit com a comiat dels nostres companys\/es i mestres!!!<\/p>\n<p><img loading=\"lazy\" decoding=\"async\" class=\"attachment-266x266 size-266x266\" src=\"https:\/\/agora.xtec.cat\/ceip-agsantandreu\/wp-content\/uploads\/usu37\/2019\/06\/IMG_5580photo-Copiar.jpg\" alt=\"\" width=\"200\" height=\"266\" \/><\/p>\n<p><a href=\"https:\/\/photos.app.goo.gl\/vm7SiCv3bAXy2eyT6\">Cliqueu AQU\u00cd per veure m\u00e9s fotografies.<\/a><\/p>\n<p>&nbsp;<\/p>\n","protected":false},"excerpt":{"rendered":"<p>El passat dimecres dia 12 de juny vam anar d\u2019excursi\u00f3 a Can Coll, Collserola.<br \/>\nEn arribar, vam estar esperant al contacontes&#8230;. per\u00f2 estava fet un embolic i tenia una barreja de contes al cap\u2026 Aix\u00ed doncs, el vam haver d\u2019ajudar a aclarir-se fent una gimcana, on&hellip;  <a href=\"https:\/\/agora.xtec.cat\/ceip-agsantandreu\/general\/sortida-a-can-coll\/\" title=\"Read SORTIDA A CAN COLL P4!\">Llegeix m\u00e9s\u00bb<\/a><\/p>\n","protected":false},"author":3,"featured_media":2578,"comment_status":"open","ping_status":"closed","sticky":false,"template":"","format":"standard","meta":{"_bbp_topic_count":0,"_bbp_reply_count":0,"_bbp_total_topic_count":0,"_bbp_total_reply_count":0,"_bbp_voice_count":0,"_bbp_anonymous_reply_count":0,"_bbp_topic_count_hidden":0,"_bbp_reply_count_hidden":0,"_bbp_forum_subforum_count":0,"footnotes":""},"categories":[2,57,1,4],"tags":[],"class_list":["post-2577","post","type-post","status-publish","format-standard","has-post-thumbnail","hentry","category-petits","category-comunitats","category-general","category-portada"],"post_mailing_queue_ids":[],"_links":{"self":[{"href":"https:\/\/agora.xtec.cat\/ceip-agsantandreu\/wp-json\/wp\/v2\/posts\/2577","targetHints":{"allow":["GET"]}}],"collection":[{"href":"https:\/\/agora.xtec.cat\/ceip-agsantandreu\/wp-json\/wp\/v2\/posts"}],"about":[{"href":"https:\/\/agora.xtec.cat\/ceip-agsantandreu\/wp-json\/wp\/v2\/types\/post"}],"author":[{"embeddable":true,"href":"https:\/\/agora.xtec.cat\/ceip-agsantandreu\/wp-json\/wp\/v2\/users\/3"}],"replies":[{"embeddable":true,"href":"https:\/\/agora.xtec.cat\/ceip-agsantandreu\/wp-json\/wp\/v2\/comments?post=2577"}],"version-history":[{"count":3,"href":"https:\/\/agora.xtec.cat\/ceip-agsantandreu\/wp-json\/wp\/v2\/posts\/2577\/revisions"}],"predecessor-version":[{"id":2594,"href":"https:\/\/agora.xtec.cat\/ceip-agsantandreu\/wp-json\/wp\/v2\/posts\/2577\/revisions\/2594"}],"wp:featuredmedia":[{"embeddable":true,"href":"https:\/\/agora.xtec.cat\/ceip-agsantandreu\/wp-json\/wp\/v2\/media\/2578"}],"wp:attachment":[{"href":"https:\/\/agora.xtec.cat\/ceip-agsantandreu\/wp-json\/wp\/v2\/media?parent=2577"}],"wp:term":[{"taxonomy":"category","embeddable":true,"href":"https:\/\/agora.xtec.cat\/ceip-agsantandreu\/wp-json\/wp\/v2\/categories?post=2577"},{"taxonomy":"post_tag","embeddable":true,"href":"https:\/\/agora.xtec.cat\/ceip-agsantandreu\/wp-json\/wp\/v2\/tags?post=2577"}],"curies":[{"name":"wp","href":"https:\/\/api.w.org\/{rel}","templated":true}]}}