{"id":2562,"date":"2019-06-05T09:07:11","date_gmt":"2019-06-05T07:07:11","guid":{"rendered":"http:\/\/agora.xtec.cat\/ceip-agsantandreu\/?p=2562"},"modified":"2019-06-05T09:07:11","modified_gmt":"2019-06-05T07:07:11","slug":"mines-de-gava","status":"publish","type":"post","link":"https:\/\/agora.xtec.cat\/ceip-agsantandreu\/portada\/mines-de-gava\/","title":{"rendered":"Mines de Gav\u00e0"},"content":{"rendered":"<p><a href=\"http:\/\/agora.xtec.cat\/ceip-agsantandreu\/portada\/mines-de-gava\/attachment\/smart-2\/\" rel=\"attachment wp-att-2563\"><img loading=\"lazy\" decoding=\"async\" class=\"aligncenter size-medium wp-image-2563\" src=\"https:\/\/agora.xtec.cat\/ceip-agsantandreu\/wp-content\/uploads\/usu37\/2019\/06\/fotos-gemma-062-Copy-300x225.jpg\" alt=\"\" width=\"300\" height=\"225\" srcset=\"https:\/\/agora.xtec.cat\/ceip-agsantandreu\/wp-content\/uploads\/usu37\/2019\/06\/fotos-gemma-062-Copy-300x225.jpg 300w, https:\/\/agora.xtec.cat\/ceip-agsantandreu\/wp-content\/uploads\/usu37\/2019\/06\/fotos-gemma-062-Copy-768x576.jpg 768w, https:\/\/agora.xtec.cat\/ceip-agsantandreu\/wp-content\/uploads\/usu37\/2019\/06\/fotos-gemma-062-Copy.jpg 1024w, https:\/\/agora.xtec.cat\/ceip-agsantandreu\/wp-content\/uploads\/usu37\/2019\/06\/fotos-gemma-062-Copy-200x150.jpg 200w\" sizes=\"auto, (max-width: 300px) 100vw, 300px\" \/><\/a><\/p>\n<p>El dia 21 de maig les classes de 4t\u00a0 vam anar a visitar el museu i les mines prehist\u00f2riques de Gav\u00e0. Ens va agradar molt i tamb\u00e9 vam aprendre moltes coses que no sabiem dels nostes avantpassats. Tamb\u00e9 vam fer un taller per realizar\u00a0 un collaret amb una ballarina (eina antiga).<\/p>\n<p><a href=\"https:\/\/photos.app.goo.gl\/sVWzqssmH2gZJhKa8\">FOTOS<\/a><\/p>\n","protected":false},"excerpt":{"rendered":"<p><a href=\"http:\/\/agora.xtec.cat\/ceip-agsantandreu\/portada\/mines-de-gava\/attachment\/smart-2\/\" rel=\"attachment wp-att-2563\"><\/a><br \/>\nEl dia 21 de maig les classes de 4t\u00a0 vam anar a visitar el museu i les mines prehist\u00f2riques de Gav\u00e0. Ens va agradar molt i tamb\u00e9 vam aprendre moltes coses que no sabiem dels nostes avantpassats. Tamb\u00e9 vam fer un taller&hellip;  <a href=\"https:\/\/agora.xtec.cat\/ceip-agsantandreu\/portada\/mines-de-gava\/\" title=\"Read Mines de Gav\u00e0\">Llegeix m\u00e9s\u00bb<\/a><\/p>\n","protected":false},"author":3,"featured_media":0,"comment_status":"closed","ping_status":"closed","sticky":false,"template":"","format":"standard","meta":{"_bbp_topic_count":0,"_bbp_reply_count":0,"_bbp_total_topic_count":0,"_bbp_total_reply_count":0,"_bbp_voice_count":0,"_bbp_anonymous_reply_count":0,"_bbp_topic_count_hidden":0,"_bbp_reply_count_hidden":0,"_bbp_forum_subforum_count":0,"footnotes":""},"categories":[58,4],"tags":[],"class_list":["post-2562","post","type-post","status-publish","format-standard","hentry","category-mitjans-mitjans","category-portada"],"post_mailing_queue_ids":[],"_links":{"self":[{"href":"https:\/\/agora.xtec.cat\/ceip-agsantandreu\/wp-json\/wp\/v2\/posts\/2562","targetHints":{"allow":["GET"]}}],"collection":[{"href":"https:\/\/agora.xtec.cat\/ceip-agsantandreu\/wp-json\/wp\/v2\/posts"}],"about":[{"href":"https:\/\/agora.xtec.cat\/ceip-agsantandreu\/wp-json\/wp\/v2\/types\/post"}],"author":[{"embeddable":true,"href":"https:\/\/agora.xtec.cat\/ceip-agsantandreu\/wp-json\/wp\/v2\/users\/3"}],"replies":[{"embeddable":true,"href":"https:\/\/agora.xtec.cat\/ceip-agsantandreu\/wp-json\/wp\/v2\/comments?post=2562"}],"version-history":[{"count":2,"href":"https:\/\/agora.xtec.cat\/ceip-agsantandreu\/wp-json\/wp\/v2\/posts\/2562\/revisions"}],"predecessor-version":[{"id":2565,"href":"https:\/\/agora.xtec.cat\/ceip-agsantandreu\/wp-json\/wp\/v2\/posts\/2562\/revisions\/2565"}],"wp:attachment":[{"href":"https:\/\/agora.xtec.cat\/ceip-agsantandreu\/wp-json\/wp\/v2\/media?parent=2562"}],"wp:term":[{"taxonomy":"category","embeddable":true,"href":"https:\/\/agora.xtec.cat\/ceip-agsantandreu\/wp-json\/wp\/v2\/categories?post=2562"},{"taxonomy":"post_tag","embeddable":true,"href":"https:\/\/agora.xtec.cat\/ceip-agsantandreu\/wp-json\/wp\/v2\/tags?post=2562"}],"curies":[{"name":"wp","href":"https:\/\/api.w.org\/{rel}","templated":true}]}}