{"id":2501,"date":"2019-05-09T13:22:09","date_gmt":"2019-05-09T11:22:09","guid":{"rendered":"http:\/\/agora.xtec.cat\/ceip-agsantandreu\/?p=2501"},"modified":"2019-05-09T13:22:09","modified_gmt":"2019-05-09T11:22:09","slug":"les-dorys-i-els-nemos-anem-al-mercat","status":"publish","type":"post","link":"https:\/\/agora.xtec.cat\/ceip-agsantandreu\/general\/les-dorys-i-els-nemos-anem-al-mercat\/","title":{"rendered":"LES DORYS I ELS NEMOS ANEM AL MERCAT!"},"content":{"rendered":"<p>El passat dimecres dia 8 de Maig els\u00a0<span class=\"hiddenSpellError\">Nemos<\/span>\u00a0i les\u00a0<span class=\"hiddenSpellError\">Dorys<\/span>\u00a0hem anat de visita al mercat.<\/p>\n<p>Ens ha agradat molt veure les diferents paradetes que podem trobar all\u00e0, parlar amb les botigueres i els botiguers, per\u00f2 sobretot, el que m\u00e9s ens va agradar va ser la paradeta de la peixateria!!!<\/p>\n<p>La peixatera va ser molt amable i ens va ensenyar els diferents peixos que tenien all\u00e0 i fins i tot vam comprar uns quants per poder veure&#8217;ls amb m\u00e9s deteniment a la classe&#8230; per\u00f2 aix\u00f2 ho deixem per una altra entrada del blog!!!<\/p>\n<p><img loading=\"lazy\" decoding=\"async\" class=\"attachment-266x266 size-266x266\" src=\"https:\/\/agora.xtec.cat\/ceip-agsantandreu\/wp-content\/uploads\/usu37\/2019\/05\/IMG_4386photo-Copiar.jpg\" alt=\"\" width=\"200\" height=\"266\" \/><\/p>\n<p><a href=\"https:\/\/photos.app.goo.gl\/v51eK9zu2wMedLNy5\">Cliqueu aqu\u00ed per veure m\u00e9s fotos!<\/a><\/p>\n<p>&nbsp;<\/p>\n<p>&nbsp;<\/p>\n","protected":false},"excerpt":{"rendered":"<p>El passat dimecres dia 8 de Maig els\u00a0Nemos\u00a0i les\u00a0Dorys\u00a0hem anat de visita al mercat.<br \/>\nEns ha agradat molt veure les diferents paradetes que podem trobar all\u00e0, parlar amb les botigueres i els botiguers, per\u00f2 sobretot, el que m\u00e9s ens va agradar va ser la paradeta de&hellip;  <a href=\"https:\/\/agora.xtec.cat\/ceip-agsantandreu\/general\/les-dorys-i-els-nemos-anem-al-mercat\/\" title=\"Read LES DORYS I ELS NEMOS ANEM AL MERCAT!\">Llegeix m\u00e9s\u00bb<\/a><\/p>\n","protected":false},"author":3,"featured_media":2502,"comment_status":"open","ping_status":"closed","sticky":false,"template":"","format":"standard","meta":{"_bbp_topic_count":0,"_bbp_reply_count":0,"_bbp_total_topic_count":0,"_bbp_total_reply_count":0,"_bbp_voice_count":0,"_bbp_anonymous_reply_count":0,"_bbp_topic_count_hidden":0,"_bbp_reply_count_hidden":0,"_bbp_forum_subforum_count":0,"footnotes":""},"categories":[2,57,1,4],"tags":[],"class_list":["post-2501","post","type-post","status-publish","format-standard","has-post-thumbnail","hentry","category-petits","category-comunitats","category-general","category-portada"],"post_mailing_queue_ids":[],"_links":{"self":[{"href":"https:\/\/agora.xtec.cat\/ceip-agsantandreu\/wp-json\/wp\/v2\/posts\/2501","targetHints":{"allow":["GET"]}}],"collection":[{"href":"https:\/\/agora.xtec.cat\/ceip-agsantandreu\/wp-json\/wp\/v2\/posts"}],"about":[{"href":"https:\/\/agora.xtec.cat\/ceip-agsantandreu\/wp-json\/wp\/v2\/types\/post"}],"author":[{"embeddable":true,"href":"https:\/\/agora.xtec.cat\/ceip-agsantandreu\/wp-json\/wp\/v2\/users\/3"}],"replies":[{"embeddable":true,"href":"https:\/\/agora.xtec.cat\/ceip-agsantandreu\/wp-json\/wp\/v2\/comments?post=2501"}],"version-history":[{"count":2,"href":"https:\/\/agora.xtec.cat\/ceip-agsantandreu\/wp-json\/wp\/v2\/posts\/2501\/revisions"}],"predecessor-version":[{"id":2504,"href":"https:\/\/agora.xtec.cat\/ceip-agsantandreu\/wp-json\/wp\/v2\/posts\/2501\/revisions\/2504"}],"wp:featuredmedia":[{"embeddable":true,"href":"https:\/\/agora.xtec.cat\/ceip-agsantandreu\/wp-json\/wp\/v2\/media\/2502"}],"wp:attachment":[{"href":"https:\/\/agora.xtec.cat\/ceip-agsantandreu\/wp-json\/wp\/v2\/media?parent=2501"}],"wp:term":[{"taxonomy":"category","embeddable":true,"href":"https:\/\/agora.xtec.cat\/ceip-agsantandreu\/wp-json\/wp\/v2\/categories?post=2501"},{"taxonomy":"post_tag","embeddable":true,"href":"https:\/\/agora.xtec.cat\/ceip-agsantandreu\/wp-json\/wp\/v2\/tags?post=2501"}],"curies":[{"name":"wp","href":"https:\/\/api.w.org\/{rel}","templated":true}]}}