{"id":2472,"date":"2019-04-25T13:02:41","date_gmt":"2019-04-25T11:02:41","guid":{"rendered":"http:\/\/agora.xtec.cat\/ceip-agsantandreu\/?p=2472"},"modified":"2019-04-25T13:14:39","modified_gmt":"2019-04-25T11:14:39","slug":"sortida-5e-ep-coneguem-el-mar","status":"publish","type":"post","link":"https:\/\/agora.xtec.cat\/ceip-agsantandreu\/portada\/sortida-5e-ep-coneguem-el-mar\/","title":{"rendered":"SORTIDA 5\u00e8.EP  CONEGUEM EL MAR!!"},"content":{"rendered":"<p>La sortida realitzada pretenia que l&#8217;alumnat de cinqu\u00e8 tinguessin una doble visi\u00f3 del mar: el mar com a<strong>\u00a0ecosistema natural\u00a0<\/strong>i el mar com a<strong>\u00a0font d\u2019explotaci\u00f3<\/strong>.<\/p>\n<p>Es van observar diferents\u00a0<strong>organismes marins<\/strong>, els vam recollir, estudiar i fins i tot classificar. Despr\u00e9s, amb la visita al\u00a0<strong>port pesquer\u00a0<\/strong>de Vilanova i la Geltr\u00fa, es va poder veure com anaven arribant les\u00a0<strong>barques de\u00a0<\/strong><strong>pesca<\/strong>, coneixent les diferents\u00a0<strong>arts de pesca<\/strong>\u00a0i <strong>les captures<\/strong>\u00a0que portaven. Fins i tot es va assistir a\u00a0la\u00a0\u00a0<strong>subhasta de peix!!!<\/strong><\/p>\n<p>&nbsp;<\/p>\n<p><a href=\"https:\/\/photos.google.com\/share\/AF1QipNtY-JkD79LyoPNTEk0Plg7oBFpXgmfaoeGS0gB8CJdW6lPTAr1-Ra23WvM0cM0rA?key=UVdNWDc4TVQxZWFYdWo3R0N5Z2hoU3Z1eGo0WHV3\" target=\"_blank\" rel=\"attachment noopener wp-att-2477\"><img loading=\"lazy\" decoding=\"async\" class=\"aligncenter wp-image-2477\" src=\"https:\/\/agora.xtec.cat\/ceip-agsantandreu\/wp-content\/uploads\/usu37\/2019\/04\/Coneguem-el-Mar-12-1024x768-300x169.jpg\" alt=\"\" width=\"385\" height=\"217\" srcset=\"https:\/\/agora.xtec.cat\/ceip-agsantandreu\/wp-content\/uploads\/usu37\/2019\/04\/Coneguem-el-Mar-12-1024x768-300x169.jpg 300w, https:\/\/agora.xtec.cat\/ceip-agsantandreu\/wp-content\/uploads\/usu37\/2019\/04\/Coneguem-el-Mar-12-1024x768-768x432.jpg 768w, https:\/\/agora.xtec.cat\/ceip-agsantandreu\/wp-content\/uploads\/usu37\/2019\/04\/Coneguem-el-Mar-12-1024x768.jpg 1024w\" sizes=\"auto, (max-width: 385px) 100vw, 385px\" \/><\/a><\/p>\n<p><a href=\"https:\/\/photos.app.goo.gl\/KsHaLNsKALBPfiBN9\" target=\"_blank\" rel=\"noopener\">Fotografies de la sortida<\/a><\/p>\n","protected":false},"excerpt":{"rendered":"<p>La sortida realitzada pretenia que l&#8217;alumnat de cinqu\u00e8 tinguessin una doble visi\u00f3 del mar: el mar com a\u00a0ecosistema natural\u00a0i el mar com a\u00a0font d\u2019explotaci\u00f3.<br \/>\nEs van observar diferents\u00a0organismes marins, els vam recollir, estudiar i fins i tot classificar. Despr\u00e9s, amb la visita al\u00a0port pesquer\u00a0de Vilanova i&hellip;  <a href=\"https:\/\/agora.xtec.cat\/ceip-agsantandreu\/portada\/sortida-5e-ep-coneguem-el-mar\/\" title=\"Read SORTIDA 5\u00e8.EP  CONEGUEM EL MAR!!\">Llegeix m\u00e9s\u00bb<\/a><\/p>\n","protected":false},"author":3,"featured_media":0,"comment_status":"closed","ping_status":"closed","sticky":false,"template":"","format":"standard","meta":{"_bbp_topic_count":0,"_bbp_reply_count":0,"_bbp_total_topic_count":0,"_bbp_total_reply_count":0,"_bbp_voice_count":0,"_bbp_anonymous_reply_count":0,"_bbp_topic_count_hidden":0,"_bbp_reply_count_hidden":0,"_bbp_forum_subforum_count":0,"footnotes":""},"categories":[59,4],"tags":[],"class_list":["post-2472","post","type-post","status-publish","format-standard","hentry","category-grans","category-portada"],"post_mailing_queue_ids":[],"_links":{"self":[{"href":"https:\/\/agora.xtec.cat\/ceip-agsantandreu\/wp-json\/wp\/v2\/posts\/2472","targetHints":{"allow":["GET"]}}],"collection":[{"href":"https:\/\/agora.xtec.cat\/ceip-agsantandreu\/wp-json\/wp\/v2\/posts"}],"about":[{"href":"https:\/\/agora.xtec.cat\/ceip-agsantandreu\/wp-json\/wp\/v2\/types\/post"}],"author":[{"embeddable":true,"href":"https:\/\/agora.xtec.cat\/ceip-agsantandreu\/wp-json\/wp\/v2\/users\/3"}],"replies":[{"embeddable":true,"href":"https:\/\/agora.xtec.cat\/ceip-agsantandreu\/wp-json\/wp\/v2\/comments?post=2472"}],"version-history":[{"count":3,"href":"https:\/\/agora.xtec.cat\/ceip-agsantandreu\/wp-json\/wp\/v2\/posts\/2472\/revisions"}],"predecessor-version":[{"id":2481,"href":"https:\/\/agora.xtec.cat\/ceip-agsantandreu\/wp-json\/wp\/v2\/posts\/2472\/revisions\/2481"}],"wp:attachment":[{"href":"https:\/\/agora.xtec.cat\/ceip-agsantandreu\/wp-json\/wp\/v2\/media?parent=2472"}],"wp:term":[{"taxonomy":"category","embeddable":true,"href":"https:\/\/agora.xtec.cat\/ceip-agsantandreu\/wp-json\/wp\/v2\/categories?post=2472"},{"taxonomy":"post_tag","embeddable":true,"href":"https:\/\/agora.xtec.cat\/ceip-agsantandreu\/wp-json\/wp\/v2\/tags?post=2472"}],"curies":[{"name":"wp","href":"https:\/\/api.w.org\/{rel}","templated":true}]}}