{"id":2469,"date":"2019-04-24T16:45:57","date_gmt":"2019-04-24T14:45:57","guid":{"rendered":"http:\/\/agora.xtec.cat\/ceip-agsantandreu\/?p=2469"},"modified":"2019-04-24T15:49:20","modified_gmt":"2019-04-24T13:49:20","slug":"roses-i-llibres-per-sant-jordi-19","status":"publish","type":"post","link":"https:\/\/agora.xtec.cat\/ceip-agsantandreu\/comunitats\/petits\/roses-i-llibres-per-sant-jordi-19\/","title":{"rendered":"ROSES I LLIBRES PER SANT JORDI &#8217;19!"},"content":{"rendered":"<p>Com ja sabeu ahir vam celebrar el dia de Sant Jordi, va ser un dia molt especial i diferent.<\/p>\n<p>\u00c9s un dia preci\u00f3s en el qual es fa una oda a l&#8217;amor i la cultura, \u00e9s per aix\u00f2 que tots vam tenir la nostra rosa i els nostres llibres per tal de compartir-los.<\/p>\n<p><img loading=\"lazy\" decoding=\"async\" class=\"attachment-266x266 size-266x266\" src=\"https:\/\/agora.xtec.cat\/ceip-agsantandreu\/wp-content\/uploads\/usu37\/2019\/04\/00-sant-jordi-2019-1050x700.jpg\" alt=\"\" width=\"266\" height=\"177\" \/><br \/>\n<a href=\"https:\/\/photos.app.goo.gl\/FU2dMg45HRYT7miPA\">Aqu\u00ed us deixem unes fotos per tal que veieu les nostres creacions!<\/a><\/p>\n<p>&nbsp;<\/p>\n","protected":false},"excerpt":{"rendered":"<p>Com ja sabeu ahir vam celebrar el dia de Sant Jordi, va ser un dia molt especial i diferent.<br \/>\n\u00c9s un dia preci\u00f3s en el qual es fa una oda a l&#8217;amor i la cultura, \u00e9s per aix\u00f2 que tots vam tenir la nostra rosa i&hellip;  <a href=\"https:\/\/agora.xtec.cat\/ceip-agsantandreu\/comunitats\/petits\/roses-i-llibres-per-sant-jordi-19\/\" title=\"Read ROSES I LLIBRES PER SANT JORDI &#8217;19!\">Llegeix m\u00e9s\u00bb<\/a><\/p>\n","protected":false},"author":3,"featured_media":2470,"comment_status":"open","ping_status":"closed","sticky":false,"template":"","format":"standard","meta":{"_bbp_topic_count":0,"_bbp_reply_count":0,"_bbp_total_topic_count":0,"_bbp_total_reply_count":0,"_bbp_voice_count":0,"_bbp_anonymous_reply_count":0,"_bbp_topic_count_hidden":0,"_bbp_reply_count_hidden":0,"_bbp_forum_subforum_count":0,"footnotes":""},"categories":[2,4],"tags":[],"class_list":["post-2469","post","type-post","status-publish","format-standard","has-post-thumbnail","hentry","category-petits","category-portada"],"post_mailing_queue_ids":[],"_links":{"self":[{"href":"https:\/\/agora.xtec.cat\/ceip-agsantandreu\/wp-json\/wp\/v2\/posts\/2469","targetHints":{"allow":["GET"]}}],"collection":[{"href":"https:\/\/agora.xtec.cat\/ceip-agsantandreu\/wp-json\/wp\/v2\/posts"}],"about":[{"href":"https:\/\/agora.xtec.cat\/ceip-agsantandreu\/wp-json\/wp\/v2\/types\/post"}],"author":[{"embeddable":true,"href":"https:\/\/agora.xtec.cat\/ceip-agsantandreu\/wp-json\/wp\/v2\/users\/3"}],"replies":[{"embeddable":true,"href":"https:\/\/agora.xtec.cat\/ceip-agsantandreu\/wp-json\/wp\/v2\/comments?post=2469"}],"version-history":[{"count":1,"href":"https:\/\/agora.xtec.cat\/ceip-agsantandreu\/wp-json\/wp\/v2\/posts\/2469\/revisions"}],"predecessor-version":[{"id":2471,"href":"https:\/\/agora.xtec.cat\/ceip-agsantandreu\/wp-json\/wp\/v2\/posts\/2469\/revisions\/2471"}],"wp:featuredmedia":[{"embeddable":true,"href":"https:\/\/agora.xtec.cat\/ceip-agsantandreu\/wp-json\/wp\/v2\/media\/2470"}],"wp:attachment":[{"href":"https:\/\/agora.xtec.cat\/ceip-agsantandreu\/wp-json\/wp\/v2\/media?parent=2469"}],"wp:term":[{"taxonomy":"category","embeddable":true,"href":"https:\/\/agora.xtec.cat\/ceip-agsantandreu\/wp-json\/wp\/v2\/categories?post=2469"},{"taxonomy":"post_tag","embeddable":true,"href":"https:\/\/agora.xtec.cat\/ceip-agsantandreu\/wp-json\/wp\/v2\/tags?post=2469"}],"curies":[{"name":"wp","href":"https:\/\/api.w.org\/{rel}","templated":true}]}}