{"id":2437,"date":"2019-04-12T11:35:59","date_gmt":"2019-04-12T09:35:59","guid":{"rendered":"http:\/\/agora.xtec.cat\/ceip-agsantandreu\/?p=2437"},"modified":"2019-04-12T11:41:34","modified_gmt":"2019-04-12T09:41:34","slug":"hem-fet-la-nostra-mona","status":"publish","type":"post","link":"https:\/\/agora.xtec.cat\/ceip-agsantandreu\/comunitats\/petits\/hem-fet-la-nostra-mona\/","title":{"rendered":"Hem fet la nostra mona"},"content":{"rendered":"<p>Els nens i nenes d\u2019Educaci\u00f3 Infantil hem viscut un mat\u00ed molt dol\u00e7! Entre tots i totes hem el\u00b7laborat la nostra mona, a la qual no li mancava cap detall: molta xocolata, ous, plomes i pollets entre d\u2019altres coses. I sobretot molt\u00edssima il\u00b7lusi\u00f3!!!\u00a0 Hem gaudit molt fent-la!\u00a0 Els infants de P4 i P5 ens l\u2019hem menjat a l\u2019hora d\u2019esmorzar i estava bon\u00edssima!!!<\/p>\n<p><a href=\"https:\/\/photos.google.com\/share\/AF1QipPLi0D1FapQcJ9AHoE632pnAW1IKbXoETEur-xsw3NpND1UXTjCtaUU8aAWTJnsjg?key=NGsxdllGc3NtNGxObi1OYVlDemJTcHZjaGVRcEFB\" rel=\"attachment wp-att-2439\"><img loading=\"lazy\" decoding=\"async\" class=\"aligncenter wp-image-2439 size-medium\" src=\"https:\/\/agora.xtec.cat\/ceip-agsantandreu\/wp-content\/uploads\/usu37\/2019\/04\/IMG_4384-Copiar-300x225.jpg\" alt=\"\" width=\"300\" height=\"225\" srcset=\"https:\/\/agora.xtec.cat\/ceip-agsantandreu\/wp-content\/uploads\/usu37\/2019\/04\/IMG_4384-Copiar-300x225.jpg 300w, https:\/\/agora.xtec.cat\/ceip-agsantandreu\/wp-content\/uploads\/usu37\/2019\/04\/IMG_4384-Copiar-768x576.jpg 768w, https:\/\/agora.xtec.cat\/ceip-agsantandreu\/wp-content\/uploads\/usu37\/2019\/04\/IMG_4384-Copiar.jpg 1024w, https:\/\/agora.xtec.cat\/ceip-agsantandreu\/wp-content\/uploads\/usu37\/2019\/04\/IMG_4384-Copiar-200x150.jpg 200w\" sizes=\"auto, (max-width: 300px) 100vw, 300px\" \/><\/a><\/p>\n<p><a href=\"https:\/\/photos.app.goo.gl\/eqdKxUmnznuJyWP6A\" target=\"_blank\" rel=\"noopener\">Fotos<\/a><\/p>\n","protected":false},"excerpt":{"rendered":"<p>Els nens i nenes d\u2019Educaci\u00f3 Infantil hem viscut un mat\u00ed molt dol\u00e7! Entre tots i totes hem el\u00b7laborat la nostra mona, a la qual no li mancava cap detall: molta xocolata, ous, plomes i pollets entre d\u2019altres coses. I sobretot molt\u00edssima il\u00b7lusi\u00f3!!!\u00a0 Hem gaudit molt&hellip;  <a href=\"https:\/\/agora.xtec.cat\/ceip-agsantandreu\/comunitats\/petits\/hem-fet-la-nostra-mona\/\" title=\"Read Hem fet la nostra mona\">Llegeix m\u00e9s\u00bb<\/a><\/p>\n","protected":false},"author":3,"featured_media":0,"comment_status":"closed","ping_status":"closed","sticky":false,"template":"","format":"standard","meta":{"_bbp_topic_count":0,"_bbp_reply_count":0,"_bbp_total_topic_count":0,"_bbp_total_reply_count":0,"_bbp_voice_count":0,"_bbp_anonymous_reply_count":0,"_bbp_topic_count_hidden":0,"_bbp_reply_count_hidden":0,"_bbp_forum_subforum_count":0,"footnotes":""},"categories":[2,4],"tags":[],"class_list":["post-2437","post","type-post","status-publish","format-standard","hentry","category-petits","category-portada"],"post_mailing_queue_ids":[],"_links":{"self":[{"href":"https:\/\/agora.xtec.cat\/ceip-agsantandreu\/wp-json\/wp\/v2\/posts\/2437","targetHints":{"allow":["GET"]}}],"collection":[{"href":"https:\/\/agora.xtec.cat\/ceip-agsantandreu\/wp-json\/wp\/v2\/posts"}],"about":[{"href":"https:\/\/agora.xtec.cat\/ceip-agsantandreu\/wp-json\/wp\/v2\/types\/post"}],"author":[{"embeddable":true,"href":"https:\/\/agora.xtec.cat\/ceip-agsantandreu\/wp-json\/wp\/v2\/users\/3"}],"replies":[{"embeddable":true,"href":"https:\/\/agora.xtec.cat\/ceip-agsantandreu\/wp-json\/wp\/v2\/comments?post=2437"}],"version-history":[{"count":3,"href":"https:\/\/agora.xtec.cat\/ceip-agsantandreu\/wp-json\/wp\/v2\/posts\/2437\/revisions"}],"predecessor-version":[{"id":2443,"href":"https:\/\/agora.xtec.cat\/ceip-agsantandreu\/wp-json\/wp\/v2\/posts\/2437\/revisions\/2443"}],"wp:attachment":[{"href":"https:\/\/agora.xtec.cat\/ceip-agsantandreu\/wp-json\/wp\/v2\/media?parent=2437"}],"wp:term":[{"taxonomy":"category","embeddable":true,"href":"https:\/\/agora.xtec.cat\/ceip-agsantandreu\/wp-json\/wp\/v2\/categories?post=2437"},{"taxonomy":"post_tag","embeddable":true,"href":"https:\/\/agora.xtec.cat\/ceip-agsantandreu\/wp-json\/wp\/v2\/tags?post=2437"}],"curies":[{"name":"wp","href":"https:\/\/api.w.org\/{rel}","templated":true}]}}