{"id":2434,"date":"2019-04-12T16:18:22","date_gmt":"2019-04-12T14:18:22","guid":{"rendered":"http:\/\/agora.xtec.cat\/ceip-agsantandreu\/?p=2434"},"modified":"2019-04-12T16:21:29","modified_gmt":"2019-04-12T14:21:29","slug":"sant-jordi-2019","status":"publish","type":"post","link":"https:\/\/agora.xtec.cat\/ceip-agsantandreu\/general\/sant-jordi-2019\/","title":{"rendered":"Sant Jordi 2019"},"content":{"rendered":"<p><a href=\"http:\/\/agora.xtec.cat\/ceip-agsantandreu\/wp-content\/uploads\/usu37\/2018\/03\/Sant-Jordi.jpg\"><img loading=\"lazy\" decoding=\"async\" class=\" wp-image-1441 alignleft\" src=\"http:\/\/agora.xtec.cat\/ceip-agsantandreu\/wp-content\/uploads\/usu37\/2018\/03\/Sant-Jordi.jpg\" alt=\"\" width=\"305\" height=\"223\" srcset=\"https:\/\/agora.xtec.cat\/ceip-agsantandreu\/wp-content\/uploads\/usu37\/2018\/03\/Sant-Jordi.jpg 448w, https:\/\/agora.xtec.cat\/ceip-agsantandreu\/wp-content\/uploads\/usu37\/2018\/03\/Sant-Jordi-300x220.jpg 300w\" sizes=\"auto, (max-width: 305px) 100vw, 305px\" \/><\/a><\/p>\n<p>Ja s&#8217;apropa el d\u00eda de Sant Jordi !!!<\/p>\n<p>Com ja \u00e9s tradici\u00f3, \u00e9s una festa que ens agrada compartir amb les fam\u00edlies.<\/p>\n<p>Per tal que us pogueu organitzar us fem arribar l&#8217;<strong>horari de les danses i Jocs Florals<\/strong> de cada cicle el <strong>dimarts 23 d&#8217;abril<\/strong>:<\/p>\n<p>10.00 h. &#8211; Educaci\u00f3 Infantil (P3\/P4\/P5)<\/p>\n<p>10.45 h. &#8211; Cicle Inicial (1r\/2n)<\/p>\n<p>11.30 h. &#8211; Cicle mitj\u00e0 (3r\/4t)<\/p>\n<p>15.30 h. &#8211; Cicle superior (5\u00e8\/6\u00e8)<\/p>\n<p>L&#8217;activitat es realitzar\u00e0 com sempre al complex esportiu\u00a0Onze de setembre. Cada fam\u00edlia disposar\u00e0 de dues entrades per alumne\/a que haur\u00e0 lliurar a l&#8217;entrada del recinte.<\/p>\n<p>&nbsp;<\/p>\n","protected":false},"excerpt":{"rendered":"<p><a href=\"http:\/\/agora.xtec.cat\/ceip-agsantandreu\/wp-content\/uploads\/usu37\/2018\/03\/Sant-Jordi.jpg\"><\/a><br \/>\nJa s&#8217;apropa el d\u00eda de Sant Jordi !!!<br \/>\nCom ja \u00e9s tradici\u00f3, \u00e9s una festa que ens agrada compartir amb les fam\u00edlies.<br \/>\nPer tal que us pogueu organitzar us fem arribar l&#8217;horari de les danses i Jocs Florals de cada cicle el dimarts 23 d&#8217;abril:<br \/>\n10.00 h.&hellip;  <a href=\"https:\/\/agora.xtec.cat\/ceip-agsantandreu\/general\/sant-jordi-2019\/\" title=\"Read Sant Jordi 2019\">Llegeix m\u00e9s\u00bb<\/a><\/p>\n","protected":false},"author":1,"featured_media":0,"comment_status":"closed","ping_status":"closed","sticky":false,"template":"","format":"standard","meta":{"_bbp_topic_count":0,"_bbp_reply_count":0,"_bbp_total_topic_count":0,"_bbp_total_reply_count":0,"_bbp_voice_count":0,"_bbp_anonymous_reply_count":0,"_bbp_topic_count_hidden":0,"_bbp_reply_count_hidden":0,"_bbp_forum_subforum_count":0,"footnotes":""},"categories":[1,4],"tags":[],"class_list":["post-2434","post","type-post","status-publish","format-standard","hentry","category-general","category-portada"],"post_mailing_queue_ids":[],"_links":{"self":[{"href":"https:\/\/agora.xtec.cat\/ceip-agsantandreu\/wp-json\/wp\/v2\/posts\/2434","targetHints":{"allow":["GET"]}}],"collection":[{"href":"https:\/\/agora.xtec.cat\/ceip-agsantandreu\/wp-json\/wp\/v2\/posts"}],"about":[{"href":"https:\/\/agora.xtec.cat\/ceip-agsantandreu\/wp-json\/wp\/v2\/types\/post"}],"author":[{"embeddable":true,"href":"https:\/\/agora.xtec.cat\/ceip-agsantandreu\/wp-json\/wp\/v2\/users\/1"}],"replies":[{"embeddable":true,"href":"https:\/\/agora.xtec.cat\/ceip-agsantandreu\/wp-json\/wp\/v2\/comments?post=2434"}],"version-history":[{"count":3,"href":"https:\/\/agora.xtec.cat\/ceip-agsantandreu\/wp-json\/wp\/v2\/posts\/2434\/revisions"}],"predecessor-version":[{"id":2447,"href":"https:\/\/agora.xtec.cat\/ceip-agsantandreu\/wp-json\/wp\/v2\/posts\/2434\/revisions\/2447"}],"wp:attachment":[{"href":"https:\/\/agora.xtec.cat\/ceip-agsantandreu\/wp-json\/wp\/v2\/media?parent=2434"}],"wp:term":[{"taxonomy":"category","embeddable":true,"href":"https:\/\/agora.xtec.cat\/ceip-agsantandreu\/wp-json\/wp\/v2\/categories?post=2434"},{"taxonomy":"post_tag","embeddable":true,"href":"https:\/\/agora.xtec.cat\/ceip-agsantandreu\/wp-json\/wp\/v2\/tags?post=2434"}],"curies":[{"name":"wp","href":"https:\/\/api.w.org\/{rel}","templated":true}]}}