{"id":2392,"date":"2019-03-28T13:55:01","date_gmt":"2019-03-28T12:55:01","guid":{"rendered":"http:\/\/agora.xtec.cat\/ceip-agsantandreu\/?p=2392"},"modified":"2019-04-05T12:47:47","modified_gmt":"2019-04-05T10:47:47","slug":"setmana-cultural-5e-ep","status":"publish","type":"post","link":"https:\/\/agora.xtec.cat\/ceip-agsantandreu\/portada\/setmana-cultural-5e-ep\/","title":{"rendered":"Setmana Cultural 5\u00e8.EP"},"content":{"rendered":"<h2><strong>3&#8230;2&#8230;1&#8230;<\/strong>Ens preparem per endinsar-nos en el m\u00f3n del CINEMA!!!<\/h2>\n<p>Una setmana fabulosa plena d&#8217;animaci\u00f3, moviment i fins i tot ci\u00e8ncia ficci\u00f3.<\/p>\n<p>A punt per comen\u00e7ar a gravar les nostres experi\u00e8ncies&#8230;&#8230;molt aviat ho veure-ho!!<\/p>\n<p><a href=\"https:\/\/photos.google.com\/share\/AF1QipO-TTdDYGs357SvTiTSkrlUx7oppnd_JotI3XOZSSwHCX76Dx-DPUOzlyPpF-Yk6g?key=Ym9kS2sxSHRLMVh5aTdOMHFjZzAwaF9QTnZ3NEt3\" target=\"_blank\" rel=\"attachment noopener wp-att-2393\"><img loading=\"lazy\" decoding=\"async\" class=\"aligncenter wp-image-2393 size-medium\" src=\"https:\/\/agora.xtec.cat\/ceip-agsantandreu\/wp-content\/uploads\/usu37\/2019\/03\/setmana-cultural-PORTADA-300x169.jpg\" alt=\"\" width=\"300\" height=\"169\" srcset=\"https:\/\/agora.xtec.cat\/ceip-agsantandreu\/wp-content\/uploads\/usu37\/2019\/03\/setmana-cultural-PORTADA-300x169.jpg 300w, https:\/\/agora.xtec.cat\/ceip-agsantandreu\/wp-content\/uploads\/usu37\/2019\/03\/setmana-cultural-PORTADA-768x432.jpg 768w, https:\/\/agora.xtec.cat\/ceip-agsantandreu\/wp-content\/uploads\/usu37\/2019\/03\/setmana-cultural-PORTADA.jpg 1024w\" sizes=\"auto, (max-width: 300px) 100vw, 300px\" \/><\/a><\/p>\n<p>Gr\u00e0cies a les fam\u00edlies que van participar amb tots nosaltres!!<\/p>\n<p><a href=\"https:\/\/photos.app.goo.gl\/Rb8BKno7Cgsru1HX6\">Fotos<\/a><\/p>\n","protected":false},"excerpt":{"rendered":"<p>3&#8230;2&#8230;1&#8230;Ens preparem per endinsar-nos en el m\u00f3n del CINEMA!!!<br \/>\nUna setmana fabulosa plena d&#8217;animaci\u00f3, moviment i fins i tot ci\u00e8ncia ficci\u00f3.<br \/>\nA punt per comen\u00e7ar a gravar les nostres experi\u00e8ncies&#8230;&#8230;molt aviat ho veure-ho!!<br \/>\n<a href=\"https:\/\/photos.google.com\/share\/AF1QipO-TTdDYGs357SvTiTSkrlUx7oppnd_JotI3XOZSSwHCX76Dx-DPUOzlyPpF-Yk6g?key=Ym9kS2sxSHRLMVh5aTdOMHFjZzAwaF9QTnZ3NEt3\" target=\"_blank\" rel=\"attachment noopener wp-att-2393\"><\/a><br \/>\nGr\u00e0cies a les fam\u00edlies que van participar amb tots nosaltres!!<br \/>\n<a&hellip;  <a href=\"https:\/\/agora.xtec.cat\/ceip-agsantandreu\/portada\/setmana-cultural-5e-ep\/\" title=\"Read Setmana Cultural 5\u00e8.EP\">Llegeix m\u00e9s\u00bb<\/a><\/p>\n","protected":false},"author":3,"featured_media":0,"comment_status":"closed","ping_status":"closed","sticky":false,"template":"","format":"standard","meta":{"_bbp_topic_count":0,"_bbp_reply_count":0,"_bbp_total_topic_count":0,"_bbp_total_reply_count":0,"_bbp_voice_count":0,"_bbp_anonymous_reply_count":0,"_bbp_topic_count_hidden":0,"_bbp_reply_count_hidden":0,"_bbp_forum_subforum_count":0,"footnotes":""},"categories":[59,4],"tags":[],"class_list":["post-2392","post","type-post","status-publish","format-standard","hentry","category-grans","category-portada"],"post_mailing_queue_ids":[],"_links":{"self":[{"href":"https:\/\/agora.xtec.cat\/ceip-agsantandreu\/wp-json\/wp\/v2\/posts\/2392","targetHints":{"allow":["GET"]}}],"collection":[{"href":"https:\/\/agora.xtec.cat\/ceip-agsantandreu\/wp-json\/wp\/v2\/posts"}],"about":[{"href":"https:\/\/agora.xtec.cat\/ceip-agsantandreu\/wp-json\/wp\/v2\/types\/post"}],"author":[{"embeddable":true,"href":"https:\/\/agora.xtec.cat\/ceip-agsantandreu\/wp-json\/wp\/v2\/users\/3"}],"replies":[{"embeddable":true,"href":"https:\/\/agora.xtec.cat\/ceip-agsantandreu\/wp-json\/wp\/v2\/comments?post=2392"}],"version-history":[{"count":3,"href":"https:\/\/agora.xtec.cat\/ceip-agsantandreu\/wp-json\/wp\/v2\/posts\/2392\/revisions"}],"predecessor-version":[{"id":2412,"href":"https:\/\/agora.xtec.cat\/ceip-agsantandreu\/wp-json\/wp\/v2\/posts\/2392\/revisions\/2412"}],"wp:attachment":[{"href":"https:\/\/agora.xtec.cat\/ceip-agsantandreu\/wp-json\/wp\/v2\/media?parent=2392"}],"wp:term":[{"taxonomy":"category","embeddable":true,"href":"https:\/\/agora.xtec.cat\/ceip-agsantandreu\/wp-json\/wp\/v2\/categories?post=2392"},{"taxonomy":"post_tag","embeddable":true,"href":"https:\/\/agora.xtec.cat\/ceip-agsantandreu\/wp-json\/wp\/v2\/tags?post=2392"}],"curies":[{"name":"wp","href":"https:\/\/api.w.org\/{rel}","templated":true}]}}