{"id":2283,"date":"2019-03-12T13:04:01","date_gmt":"2019-03-12T12:04:01","guid":{"rendered":"http:\/\/agora.xtec.cat\/ceip-agsantandreu\/?p=2283"},"modified":"2019-03-12T13:04:01","modified_gmt":"2019-03-12T12:04:01","slug":"p4-fa-magia-amb-pintura","status":"publish","type":"post","link":"https:\/\/agora.xtec.cat\/ceip-agsantandreu\/general\/p4-fa-magia-amb-pintura\/","title":{"rendered":"P4 FA M\u00c0GIA AMB PINTURA"},"content":{"rendered":"<p>Els nens i les nenes de\u00a0<span class=\"hiddenSpellError\">P4<\/span>\u00a0hem experimentat i descobert que barrejant diferents colors surten uns de nous!!<\/p>\n<p>Ha sigut una experi\u00e8ncia molt divertida i ens ho hem passat genial&#8230; aix\u00f2 s\u00ed, ens hem embrutat\u00a0<span class=\"hiddenSpellError\">molt\u00edssimmmm<\/span>!!<\/p>\n<p><img loading=\"lazy\" decoding=\"async\" class=\"attachment-266x266 size-266x266\" src=\"https:\/\/agora.xtec.cat\/ceip-agsantandreu\/wp-content\/uploads\/usu37\/2019\/03\/IMG_3035photo-full-Copiar.jpg\" alt=\"\" width=\"266\" height=\"254\" \/><\/p>\n<p><a href=\"https:\/\/photos.app.goo.gl\/BwNm44VrLwnygTrE8\">Cliqueu AQU\u00cd per veure m\u00e9s fotografies<\/a><\/p>\n<p>&nbsp;<\/p>\n","protected":false},"excerpt":{"rendered":"<p>Els nens i les nenes de\u00a0P4\u00a0hem experimentat i descobert que barrejant diferents colors surten uns de nous!!<br \/>\nHa sigut una experi\u00e8ncia molt divertida i ens ho hem passat genial&#8230; aix\u00f2 s\u00ed, ens hem embrutat\u00a0molt\u00edssimmmm!!<\/p>\n<p><a href=\"https:\/\/photos.app.goo.gl\/BwNm44VrLwnygTrE8\">Cliqueu AQU\u00cd per veure m\u00e9s fotografies<\/a><br \/>\n&nbsp;<\/p>\n","protected":false},"author":3,"featured_media":2284,"comment_status":"open","ping_status":"closed","sticky":false,"template":"","format":"standard","meta":{"_bbp_topic_count":0,"_bbp_reply_count":0,"_bbp_total_topic_count":0,"_bbp_total_reply_count":0,"_bbp_voice_count":0,"_bbp_anonymous_reply_count":0,"_bbp_topic_count_hidden":0,"_bbp_reply_count_hidden":0,"_bbp_forum_subforum_count":0,"footnotes":""},"categories":[2,57,1,4],"tags":[],"class_list":["post-2283","post","type-post","status-publish","format-standard","has-post-thumbnail","hentry","category-petits","category-comunitats","category-general","category-portada"],"post_mailing_queue_ids":[],"_links":{"self":[{"href":"https:\/\/agora.xtec.cat\/ceip-agsantandreu\/wp-json\/wp\/v2\/posts\/2283","targetHints":{"allow":["GET"]}}],"collection":[{"href":"https:\/\/agora.xtec.cat\/ceip-agsantandreu\/wp-json\/wp\/v2\/posts"}],"about":[{"href":"https:\/\/agora.xtec.cat\/ceip-agsantandreu\/wp-json\/wp\/v2\/types\/post"}],"author":[{"embeddable":true,"href":"https:\/\/agora.xtec.cat\/ceip-agsantandreu\/wp-json\/wp\/v2\/users\/3"}],"replies":[{"embeddable":true,"href":"https:\/\/agora.xtec.cat\/ceip-agsantandreu\/wp-json\/wp\/v2\/comments?post=2283"}],"version-history":[{"count":2,"href":"https:\/\/agora.xtec.cat\/ceip-agsantandreu\/wp-json\/wp\/v2\/posts\/2283\/revisions"}],"predecessor-version":[{"id":2286,"href":"https:\/\/agora.xtec.cat\/ceip-agsantandreu\/wp-json\/wp\/v2\/posts\/2283\/revisions\/2286"}],"wp:featuredmedia":[{"embeddable":true,"href":"https:\/\/agora.xtec.cat\/ceip-agsantandreu\/wp-json\/wp\/v2\/media\/2284"}],"wp:attachment":[{"href":"https:\/\/agora.xtec.cat\/ceip-agsantandreu\/wp-json\/wp\/v2\/media?parent=2283"}],"wp:term":[{"taxonomy":"category","embeddable":true,"href":"https:\/\/agora.xtec.cat\/ceip-agsantandreu\/wp-json\/wp\/v2\/categories?post=2283"},{"taxonomy":"post_tag","embeddable":true,"href":"https:\/\/agora.xtec.cat\/ceip-agsantandreu\/wp-json\/wp\/v2\/tags?post=2283"}],"curies":[{"name":"wp","href":"https:\/\/api.w.org\/{rel}","templated":true}]}}