{"id":2279,"date":"2019-03-11T12:54:32","date_gmt":"2019-03-11T11:54:32","guid":{"rendered":"http:\/\/agora.xtec.cat\/ceip-agsantandreu\/?p=2279"},"modified":"2019-03-15T12:13:29","modified_gmt":"2019-03-15T11:13:29","slug":"setmana-cultural-a-2n","status":"publish","type":"post","link":"https:\/\/agora.xtec.cat\/ceip-agsantandreu\/portada\/setmana-cultural-a-2n\/","title":{"rendered":"SETMANA CULTURAL A \u00a02n"},"content":{"rendered":"<p>Com ja sabeu, la setmana passada vam celebrar la Setmana Cultural a l\u2019escola. Aquest any, com que som una \u201cEscola de Cinema\u201d, hem treballat tota la setmana al voltant del cinema. Han sigut uns dies molt especials i hem pogut fer activitats internivell. Tamb\u00e9 ens han visitat algunes fam\u00edlies que han volgut col\u00b7laborar amb nosaltres i ens han preparat uns tallers s\u00faper divertits i amb els que hem pogut aprendre moltes coses sobre el cinema. Des d\u2019aqu\u00ed els hi volem agra\u00efr el seu esfor\u00e7 i la seva il\u00b7lusi\u00f3, moltes gr\u00e0cies!!!!<\/p>\n<p>B\u00e9, aqu\u00ed us deixem una mostra de tot el que hem fet aquest dies i fins la propera!!<\/p>\n<p><a href=\"https:\/\/photos.google.com\/share\/AF1QipMheZLKw7oeHN6aVdD2ZPm1kFdiCCpMrRHljeVXMWN4dijRme5e-2LvYu4W3nIoTg?key=ekVLa0dVRTZ6TlVXWWgwVFRDcG1iNGl0X1lzUklR\" rel=\"attachment wp-att-2280\"><img loading=\"lazy\" decoding=\"async\" class=\"aligncenter wp-image-2280 size-medium\" src=\"https:\/\/agora.xtec.cat\/ceip-agsantandreu\/wp-content\/uploads\/usu37\/2019\/03\/DSC04006-Copiar-300x225.jpg\" alt=\"\" width=\"300\" height=\"225\" srcset=\"https:\/\/agora.xtec.cat\/ceip-agsantandreu\/wp-content\/uploads\/usu37\/2019\/03\/DSC04006-Copiar-300x225.jpg 300w, https:\/\/agora.xtec.cat\/ceip-agsantandreu\/wp-content\/uploads\/usu37\/2019\/03\/DSC04006-Copiar-768x576.jpg 768w, https:\/\/agora.xtec.cat\/ceip-agsantandreu\/wp-content\/uploads\/usu37\/2019\/03\/DSC04006-Copiar.jpg 1024w, https:\/\/agora.xtec.cat\/ceip-agsantandreu\/wp-content\/uploads\/usu37\/2019\/03\/DSC04006-Copiar-200x150.jpg 200w\" sizes=\"auto, (max-width: 300px) 100vw, 300px\" \/><\/a><a href=\"https:\/\/photos.app.goo.gl\/6BaonFbtrYy4MvAz9\" target=\"_blank\" rel=\"noopener\">M\u00e9s fotos<\/a><\/p>\n","protected":false},"excerpt":{"rendered":"<p>Com ja sabeu, la setmana passada vam celebrar la Setmana Cultural a l\u2019escola. Aquest any, com que som una \u201cEscola de Cinema\u201d, hem treballat tota la setmana al voltant del cinema. Han sigut uns dies molt especials i hem pogut fer activitats internivell. Tamb\u00e9 ens&hellip;  <a href=\"https:\/\/agora.xtec.cat\/ceip-agsantandreu\/portada\/setmana-cultural-a-2n\/\" title=\"Read SETMANA CULTURAL A \u00a02n\">Llegeix m\u00e9s\u00bb<\/a><\/p>\n","protected":false},"author":3,"featured_media":0,"comment_status":"closed","ping_status":"closed","sticky":false,"template":"","format":"standard","meta":{"_bbp_topic_count":0,"_bbp_reply_count":0,"_bbp_total_topic_count":0,"_bbp_total_reply_count":0,"_bbp_voice_count":0,"_bbp_anonymous_reply_count":0,"_bbp_topic_count_hidden":0,"_bbp_reply_count_hidden":0,"_bbp_forum_subforum_count":0,"footnotes":""},"categories":[5,4],"tags":[],"class_list":["post-2279","post","type-post","status-publish","format-standard","hentry","category-mitjans","category-portada"],"post_mailing_queue_ids":[],"_links":{"self":[{"href":"https:\/\/agora.xtec.cat\/ceip-agsantandreu\/wp-json\/wp\/v2\/posts\/2279","targetHints":{"allow":["GET"]}}],"collection":[{"href":"https:\/\/agora.xtec.cat\/ceip-agsantandreu\/wp-json\/wp\/v2\/posts"}],"about":[{"href":"https:\/\/agora.xtec.cat\/ceip-agsantandreu\/wp-json\/wp\/v2\/types\/post"}],"author":[{"embeddable":true,"href":"https:\/\/agora.xtec.cat\/ceip-agsantandreu\/wp-json\/wp\/v2\/users\/3"}],"replies":[{"embeddable":true,"href":"https:\/\/agora.xtec.cat\/ceip-agsantandreu\/wp-json\/wp\/v2\/comments?post=2279"}],"version-history":[{"count":3,"href":"https:\/\/agora.xtec.cat\/ceip-agsantandreu\/wp-json\/wp\/v2\/posts\/2279\/revisions"}],"predecessor-version":[{"id":2306,"href":"https:\/\/agora.xtec.cat\/ceip-agsantandreu\/wp-json\/wp\/v2\/posts\/2279\/revisions\/2306"}],"wp:attachment":[{"href":"https:\/\/agora.xtec.cat\/ceip-agsantandreu\/wp-json\/wp\/v2\/media?parent=2279"}],"wp:term":[{"taxonomy":"category","embeddable":true,"href":"https:\/\/agora.xtec.cat\/ceip-agsantandreu\/wp-json\/wp\/v2\/categories?post=2279"},{"taxonomy":"post_tag","embeddable":true,"href":"https:\/\/agora.xtec.cat\/ceip-agsantandreu\/wp-json\/wp\/v2\/tags?post=2279"}],"curies":[{"name":"wp","href":"https:\/\/api.w.org\/{rel}","templated":true}]}}