{"id":2258,"date":"2019-03-08T11:02:29","date_gmt":"2019-03-08T10:02:29","guid":{"rendered":"http:\/\/agora.xtec.cat\/ceip-agsantandreu\/?p=2258"},"modified":"2019-03-08T11:02:29","modified_gmt":"2019-03-08T10:02:29","slug":"tallers-intercicle-a-la-setmana-cultural","status":"publish","type":"post","link":"https:\/\/agora.xtec.cat\/ceip-agsantandreu\/general\/tallers-intercicle-a-la-setmana-cultural\/","title":{"rendered":"TALLERS INTERCICLE A LA SETMANA CULTURAL"},"content":{"rendered":"<p>Hola fam\u00edlies,<\/p>\n<p>Com ja sabeu aquesta setmana estem treballant moltes coses sobre el cinema. En concret, el passat dimecres dia 6 de Mar\u00e7, vam fer tallers intercicle barrejats P3, P4 i P5.<\/p>\n<p>Amb la col\u00b7laboraci\u00f3 dels familiars va sortir tot perfecte!!!! Aix\u00ed que des d&#8217;aqu\u00ed volem donar les gr\u00e0cies a tots i totes els que vau col\u00b7laborar!!!!<\/p>\n<p>Us estem molt agra\u00efdes!!!<\/p>\n<p><img loading=\"lazy\" decoding=\"async\" class=\"attachment-266x266 size-266x266\" src=\"https:\/\/agora.xtec.cat\/ceip-agsantandreu\/wp-content\/uploads\/usu37\/2019\/03\/IMG_2626photo-Copiar.jpg\" alt=\"\" width=\"266\" height=\"200\" \/><\/p>\n<p><a href=\"https:\/\/photos.app.goo.gl\/QNAztamGdAvPN31z5\">Cliqueu AQU\u00cd per veure m\u00e9s fotografies!<\/a><\/p>\n","protected":false},"excerpt":{"rendered":"<p>Hola fam\u00edlies,<br \/>\nCom ja sabeu aquesta setmana estem treballant moltes coses sobre el cinema. En concret, el passat dimecres dia 6 de Mar\u00e7, vam fer tallers intercicle barrejats P3, P4 i P5.<br \/>\nAmb la col\u00b7laboraci\u00f3 dels familiars va sortir tot perfecte!!!! Aix\u00ed que des d&#8217;aqu\u00ed volem donar&hellip;  <a href=\"https:\/\/agora.xtec.cat\/ceip-agsantandreu\/general\/tallers-intercicle-a-la-setmana-cultural\/\" title=\"Read TALLERS INTERCICLE A LA SETMANA CULTURAL\">Llegeix m\u00e9s\u00bb<\/a><\/p>\n","protected":false},"author":3,"featured_media":2259,"comment_status":"open","ping_status":"closed","sticky":false,"template":"","format":"standard","meta":{"_bbp_topic_count":0,"_bbp_reply_count":0,"_bbp_total_topic_count":0,"_bbp_total_reply_count":0,"_bbp_voice_count":0,"_bbp_anonymous_reply_count":0,"_bbp_topic_count_hidden":0,"_bbp_reply_count_hidden":0,"_bbp_forum_subforum_count":0,"footnotes":""},"categories":[2,1,4],"tags":[],"class_list":["post-2258","post","type-post","status-publish","format-standard","has-post-thumbnail","hentry","category-petits","category-general","category-portada"],"post_mailing_queue_ids":[],"_links":{"self":[{"href":"https:\/\/agora.xtec.cat\/ceip-agsantandreu\/wp-json\/wp\/v2\/posts\/2258","targetHints":{"allow":["GET"]}}],"collection":[{"href":"https:\/\/agora.xtec.cat\/ceip-agsantandreu\/wp-json\/wp\/v2\/posts"}],"about":[{"href":"https:\/\/agora.xtec.cat\/ceip-agsantandreu\/wp-json\/wp\/v2\/types\/post"}],"author":[{"embeddable":true,"href":"https:\/\/agora.xtec.cat\/ceip-agsantandreu\/wp-json\/wp\/v2\/users\/3"}],"replies":[{"embeddable":true,"href":"https:\/\/agora.xtec.cat\/ceip-agsantandreu\/wp-json\/wp\/v2\/comments?post=2258"}],"version-history":[{"count":1,"href":"https:\/\/agora.xtec.cat\/ceip-agsantandreu\/wp-json\/wp\/v2\/posts\/2258\/revisions"}],"predecessor-version":[{"id":2260,"href":"https:\/\/agora.xtec.cat\/ceip-agsantandreu\/wp-json\/wp\/v2\/posts\/2258\/revisions\/2260"}],"wp:featuredmedia":[{"embeddable":true,"href":"https:\/\/agora.xtec.cat\/ceip-agsantandreu\/wp-json\/wp\/v2\/media\/2259"}],"wp:attachment":[{"href":"https:\/\/agora.xtec.cat\/ceip-agsantandreu\/wp-json\/wp\/v2\/media?parent=2258"}],"wp:term":[{"taxonomy":"category","embeddable":true,"href":"https:\/\/agora.xtec.cat\/ceip-agsantandreu\/wp-json\/wp\/v2\/categories?post=2258"},{"taxonomy":"post_tag","embeddable":true,"href":"https:\/\/agora.xtec.cat\/ceip-agsantandreu\/wp-json\/wp\/v2\/tags?post=2258"}],"curies":[{"name":"wp","href":"https:\/\/api.w.org\/{rel}","templated":true}]}}