{"id":2254,"date":"2019-03-07T13:06:16","date_gmt":"2019-03-07T12:06:16","guid":{"rendered":"http:\/\/agora.xtec.cat\/ceip-agsantandreu\/?p=2254"},"modified":"2019-03-15T12:18:55","modified_gmt":"2019-03-15T11:18:55","slug":"setmana-cultural-a-cicle-mitja","status":"publish","type":"post","link":"https:\/\/agora.xtec.cat\/ceip-agsantandreu\/portada\/setmana-cultural-a-cicle-mitja\/","title":{"rendered":"Setmana cultural a cicle mitj\u00e0"},"content":{"rendered":"<p>Aqu\u00ed us deixem m\u00e9s fotos de les activitats que hem anat fent aquest dimecres.<\/p>\n<p><a href=\"https:\/\/photos.google.com\/share\/AF1QipO1bG3IF1V_0-Sp5LImIuUhhjZvCm5kgdPZ3G7yhuTqe-EtGqxHzzF34yuZvb4HXQ?key=cFB2clpnN2RCNWNiTXRFRGtmQ2NMVFZNVjRxSTl3\" target=\"_blank\" rel=\"attachment noopener wp-att-2255\"><img loading=\"lazy\" decoding=\"async\" class=\"aligncenter wp-image-2255 size-medium\" src=\"https:\/\/agora.xtec.cat\/ceip-agsantandreu\/wp-content\/uploads\/usu37\/2019\/03\/IMG_20190306_161435-Copy-300x168.jpg\" alt=\"\" width=\"300\" height=\"168\" srcset=\"https:\/\/agora.xtec.cat\/ceip-agsantandreu\/wp-content\/uploads\/usu37\/2019\/03\/IMG_20190306_161435-Copy-300x168.jpg 300w, https:\/\/agora.xtec.cat\/ceip-agsantandreu\/wp-content\/uploads\/usu37\/2019\/03\/IMG_20190306_161435-Copy-768x431.jpg 768w, https:\/\/agora.xtec.cat\/ceip-agsantandreu\/wp-content\/uploads\/usu37\/2019\/03\/IMG_20190306_161435-Copy.jpg 1024w\" sizes=\"auto, (max-width: 300px) 100vw, 300px\" \/><\/a><\/p>\n<p><a href=\"https:\/\/photos.app.goo.gl\/DE4j6X4U2yDdQdh8A\">FOTOS<\/a><\/p>\n","protected":false},"excerpt":{"rendered":"<p>Aqu\u00ed us deixem m\u00e9s fotos de les activitats que hem anat fent aquest dimecres.<br \/>\n<a href=\"https:\/\/photos.google.com\/share\/AF1QipO1bG3IF1V_0-Sp5LImIuUhhjZvCm5kgdPZ3G7yhuTqe-EtGqxHzzF34yuZvb4HXQ?key=cFB2clpnN2RCNWNiTXRFRGtmQ2NMVFZNVjRxSTl3\" target=\"_blank\" rel=\"attachment noopener wp-att-2255\"><\/a><br \/>\n<a href=\"https:\/\/photos.app.goo.gl\/DE4j6X4U2yDdQdh8A\">FOTOS<\/a><\/p>\n","protected":false},"author":3,"featured_media":0,"comment_status":"closed","ping_status":"closed","sticky":false,"template":"","format":"standard","meta":{"_bbp_topic_count":0,"_bbp_reply_count":0,"_bbp_total_topic_count":0,"_bbp_total_reply_count":0,"_bbp_voice_count":0,"_bbp_anonymous_reply_count":0,"_bbp_topic_count_hidden":0,"_bbp_reply_count_hidden":0,"_bbp_forum_subforum_count":0,"footnotes":""},"categories":[58,4],"tags":[],"class_list":["post-2254","post","type-post","status-publish","format-standard","hentry","category-mitjans-mitjans","category-portada"],"post_mailing_queue_ids":[],"_links":{"self":[{"href":"https:\/\/agora.xtec.cat\/ceip-agsantandreu\/wp-json\/wp\/v2\/posts\/2254","targetHints":{"allow":["GET"]}}],"collection":[{"href":"https:\/\/agora.xtec.cat\/ceip-agsantandreu\/wp-json\/wp\/v2\/posts"}],"about":[{"href":"https:\/\/agora.xtec.cat\/ceip-agsantandreu\/wp-json\/wp\/v2\/types\/post"}],"author":[{"embeddable":true,"href":"https:\/\/agora.xtec.cat\/ceip-agsantandreu\/wp-json\/wp\/v2\/users\/3"}],"replies":[{"embeddable":true,"href":"https:\/\/agora.xtec.cat\/ceip-agsantandreu\/wp-json\/wp\/v2\/comments?post=2254"}],"version-history":[{"count":3,"href":"https:\/\/agora.xtec.cat\/ceip-agsantandreu\/wp-json\/wp\/v2\/posts\/2254\/revisions"}],"predecessor-version":[{"id":2308,"href":"https:\/\/agora.xtec.cat\/ceip-agsantandreu\/wp-json\/wp\/v2\/posts\/2254\/revisions\/2308"}],"wp:attachment":[{"href":"https:\/\/agora.xtec.cat\/ceip-agsantandreu\/wp-json\/wp\/v2\/media?parent=2254"}],"wp:term":[{"taxonomy":"category","embeddable":true,"href":"https:\/\/agora.xtec.cat\/ceip-agsantandreu\/wp-json\/wp\/v2\/categories?post=2254"},{"taxonomy":"post_tag","embeddable":true,"href":"https:\/\/agora.xtec.cat\/ceip-agsantandreu\/wp-json\/wp\/v2\/tags?post=2254"}],"curies":[{"name":"wp","href":"https:\/\/api.w.org\/{rel}","templated":true}]}}