{"id":2250,"date":"2019-03-06T13:30:08","date_gmt":"2019-03-06T12:30:08","guid":{"rendered":"http:\/\/agora.xtec.cat\/ceip-agsantandreu\/?p=2250"},"modified":"2019-03-06T13:30:08","modified_gmt":"2019-03-06T12:30:08","slug":"sortida-can-salvi-p5","status":"publish","type":"post","link":"https:\/\/agora.xtec.cat\/ceip-agsantandreu\/general\/sortida-can-salvi-p5\/","title":{"rendered":"SORTIDA CAN SALVI P5"},"content":{"rendered":"<p>Ahir dimarts 5 de Mar\u00e7 els nens i les nenes de P5 van participar en les jornades de jocs cooperatius a Can Salvi.<\/p>\n<p>Ens ho vam passar d&#8217;all\u00f2 m\u00e9s b\u00e9!!<\/p>\n<p>El circuit de les activitats va ser molt divertit i vam fer nous amics i amigues d&#8217;altres escoles de Sant Andreu de la Barca!!!<\/p>\n<p><img loading=\"lazy\" decoding=\"async\" class=\"attachment-266x266 size-266x266\" src=\"https:\/\/agora.xtec.cat\/ceip-agsantandreu\/wp-content\/uploads\/usu37\/2019\/03\/IMG_2470_photo-Copiar.jpg\" alt=\"\" width=\"266\" height=\"200\" \/><\/p>\n<p><a href=\"https:\/\/photos.app.goo.gl\/jVzcEAK1BmVq7pUh8\">Cliqueu AQU\u00cd per veure m\u00e9s fotografies<\/a><\/p>\n<p>&nbsp;<\/p>\n","protected":false},"excerpt":{"rendered":"<p>Ahir dimarts 5 de Mar\u00e7 els nens i les nenes de P5 van participar en les jornades de jocs cooperatius a Can Salvi.<br \/>\nEns ho vam passar d&#8217;all\u00f2 m\u00e9s b\u00e9!!<br \/>\nEl circuit de les activitats va ser molt divertit i vam fer nous amics i amigues d&#8217;altres&hellip;  <a href=\"https:\/\/agora.xtec.cat\/ceip-agsantandreu\/general\/sortida-can-salvi-p5\/\" title=\"Read SORTIDA CAN SALVI P5\">Llegeix m\u00e9s\u00bb<\/a><\/p>\n","protected":false},"author":3,"featured_media":2251,"comment_status":"open","ping_status":"closed","sticky":false,"template":"","format":"standard","meta":{"_bbp_topic_count":0,"_bbp_reply_count":0,"_bbp_total_topic_count":0,"_bbp_total_reply_count":0,"_bbp_voice_count":0,"_bbp_anonymous_reply_count":0,"_bbp_topic_count_hidden":0,"_bbp_reply_count_hidden":0,"_bbp_forum_subforum_count":0,"footnotes":""},"categories":[2,57,1,4],"tags":[],"class_list":["post-2250","post","type-post","status-publish","format-standard","has-post-thumbnail","hentry","category-petits","category-comunitats","category-general","category-portada"],"post_mailing_queue_ids":[],"_links":{"self":[{"href":"https:\/\/agora.xtec.cat\/ceip-agsantandreu\/wp-json\/wp\/v2\/posts\/2250","targetHints":{"allow":["GET"]}}],"collection":[{"href":"https:\/\/agora.xtec.cat\/ceip-agsantandreu\/wp-json\/wp\/v2\/posts"}],"about":[{"href":"https:\/\/agora.xtec.cat\/ceip-agsantandreu\/wp-json\/wp\/v2\/types\/post"}],"author":[{"embeddable":true,"href":"https:\/\/agora.xtec.cat\/ceip-agsantandreu\/wp-json\/wp\/v2\/users\/3"}],"replies":[{"embeddable":true,"href":"https:\/\/agora.xtec.cat\/ceip-agsantandreu\/wp-json\/wp\/v2\/comments?post=2250"}],"version-history":[{"count":2,"href":"https:\/\/agora.xtec.cat\/ceip-agsantandreu\/wp-json\/wp\/v2\/posts\/2250\/revisions"}],"predecessor-version":[{"id":2253,"href":"https:\/\/agora.xtec.cat\/ceip-agsantandreu\/wp-json\/wp\/v2\/posts\/2250\/revisions\/2253"}],"wp:featuredmedia":[{"embeddable":true,"href":"https:\/\/agora.xtec.cat\/ceip-agsantandreu\/wp-json\/wp\/v2\/media\/2251"}],"wp:attachment":[{"href":"https:\/\/agora.xtec.cat\/ceip-agsantandreu\/wp-json\/wp\/v2\/media?parent=2250"}],"wp:term":[{"taxonomy":"category","embeddable":true,"href":"https:\/\/agora.xtec.cat\/ceip-agsantandreu\/wp-json\/wp\/v2\/categories?post=2250"},{"taxonomy":"post_tag","embeddable":true,"href":"https:\/\/agora.xtec.cat\/ceip-agsantandreu\/wp-json\/wp\/v2\/tags?post=2250"}],"curies":[{"name":"wp","href":"https:\/\/api.w.org\/{rel}","templated":true}]}}