{"id":2231,"date":"2019-03-05T14:01:40","date_gmt":"2019-03-05T13:01:40","guid":{"rendered":"http:\/\/agora.xtec.cat\/ceip-agsantandreu\/?p=2231"},"modified":"2019-03-05T14:03:07","modified_gmt":"2019-03-05T13:03:07","slug":"les-disfresses-deducacio-infantil","status":"publish","type":"post","link":"https:\/\/agora.xtec.cat\/ceip-agsantandreu\/general\/les-disfresses-deducacio-infantil\/","title":{"rendered":"LES DISFRESSES D&#8217;EDUCACI\u00d3 INFANTIL"},"content":{"rendered":"<p>Hola fam\u00edlies!!<br \/>\nEl passat divendres vam celebrar el carnaval. Els nens i les nenes de\u00a0P3,\u00a0P4\u00a0i\u00a0P5\u00a0ens vam disfressar al mat\u00ed\u00a0de ping\u00fcins,\u00a0dorys,\u00a0nemos\u00a0i\u00a0ratatouilles.\u00a0A la tarda, en canvi, cadasc\u00fa va disfressar-se del que va voler!! Tots guap\u00edssims i guap\u00edssimes!!!<br \/>\nEns ho vam passar d&#8217;all\u00f2 m\u00e9s b\u00e9!!<\/p>\n<p><img loading=\"lazy\" decoding=\"async\" class=\"attachment-266x266 size-266x266\" src=\"https:\/\/agora.xtec.cat\/ceip-agsantandreu\/wp-content\/uploads\/usu37\/2019\/03\/IMG_2423photo-Copiar.jpg\" alt=\"\" width=\"266\" height=\"148\" \/><\/p>\n<p><a href=\"https:\/\/photos.app.goo.gl\/dJBLMBCQEQzCNxjz8\">Clica per veure m\u00e9s fotos!!<\/a><\/p>\n<p>&nbsp;<\/p>\n","protected":false},"excerpt":{"rendered":"<p>Hola fam\u00edlies!!<br \/>\nEl passat divendres vam celebrar el carnaval. Els nens i les nenes de\u00a0P3,\u00a0P4\u00a0i\u00a0P5\u00a0ens vam disfressar al mat\u00ed\u00a0de ping\u00fcins,\u00a0dorys,\u00a0nemos\u00a0i\u00a0ratatouilles.\u00a0A la tarda, en canvi, cadasc\u00fa va disfressar-se del que va voler!! Tots guap\u00edssims i guap\u00edssimes!!!<br \/>\nEns ho vam passar d&#8217;all\u00f2 m\u00e9s b\u00e9!!<\/p>\n<p><a href=\"https:\/\/photos.app.goo.gl\/dJBLMBCQEQzCNxjz8\">Clica per veure m\u00e9s fotos!!<\/a><br \/>\n&nbsp;<\/p>\n","protected":false},"author":3,"featured_media":2235,"comment_status":"open","ping_status":"closed","sticky":false,"template":"","format":"standard","meta":{"_bbp_topic_count":0,"_bbp_reply_count":0,"_bbp_total_topic_count":0,"_bbp_total_reply_count":0,"_bbp_voice_count":0,"_bbp_anonymous_reply_count":0,"_bbp_topic_count_hidden":0,"_bbp_reply_count_hidden":0,"_bbp_forum_subforum_count":0,"footnotes":""},"categories":[2,1,4],"tags":[],"class_list":["post-2231","post","type-post","status-publish","format-standard","has-post-thumbnail","hentry","category-petits","category-general","category-portada"],"post_mailing_queue_ids":[],"_links":{"self":[{"href":"https:\/\/agora.xtec.cat\/ceip-agsantandreu\/wp-json\/wp\/v2\/posts\/2231","targetHints":{"allow":["GET"]}}],"collection":[{"href":"https:\/\/agora.xtec.cat\/ceip-agsantandreu\/wp-json\/wp\/v2\/posts"}],"about":[{"href":"https:\/\/agora.xtec.cat\/ceip-agsantandreu\/wp-json\/wp\/v2\/types\/post"}],"author":[{"embeddable":true,"href":"https:\/\/agora.xtec.cat\/ceip-agsantandreu\/wp-json\/wp\/v2\/users\/3"}],"replies":[{"embeddable":true,"href":"https:\/\/agora.xtec.cat\/ceip-agsantandreu\/wp-json\/wp\/v2\/comments?post=2231"}],"version-history":[{"count":3,"href":"https:\/\/agora.xtec.cat\/ceip-agsantandreu\/wp-json\/wp\/v2\/posts\/2231\/revisions"}],"predecessor-version":[{"id":2239,"href":"https:\/\/agora.xtec.cat\/ceip-agsantandreu\/wp-json\/wp\/v2\/posts\/2231\/revisions\/2239"}],"wp:featuredmedia":[{"embeddable":true,"href":"https:\/\/agora.xtec.cat\/ceip-agsantandreu\/wp-json\/wp\/v2\/media\/2235"}],"wp:attachment":[{"href":"https:\/\/agora.xtec.cat\/ceip-agsantandreu\/wp-json\/wp\/v2\/media?parent=2231"}],"wp:term":[{"taxonomy":"category","embeddable":true,"href":"https:\/\/agora.xtec.cat\/ceip-agsantandreu\/wp-json\/wp\/v2\/categories?post=2231"},{"taxonomy":"post_tag","embeddable":true,"href":"https:\/\/agora.xtec.cat\/ceip-agsantandreu\/wp-json\/wp\/v2\/tags?post=2231"}],"curies":[{"name":"wp","href":"https:\/\/api.w.org\/{rel}","templated":true}]}}