{"id":2205,"date":"2019-02-28T12:56:08","date_gmt":"2019-02-28T11:56:08","guid":{"rendered":"http:\/\/agora.xtec.cat\/ceip-agsantandreu\/?p=2205"},"modified":"2019-03-05T12:52:18","modified_gmt":"2019-03-05T11:52:18","slug":"el-rei-carnestoltes-a-infantil","status":"publish","type":"post","link":"https:\/\/agora.xtec.cat\/ceip-agsantandreu\/general\/el-rei-carnestoltes-a-infantil\/","title":{"rendered":"EL REI CARNESTOLTES A INFANTIL!"},"content":{"rendered":"<p><span lang=\"CA\">Com ja sabeu el divendres passat vam donar la benvinguda al Rei Carnestoltes!!!<\/span><\/p>\n<p><span lang=\"CA\">Els nens i nenes de 6\u00e8 van llegir-nos el preg\u00f3 amb totes les consignes que hav\u00edem de complir al llarg d\u2019aquesta setmana. <\/span><\/p>\n<p><span lang=\"CA\">I&#8230;.. com podeu veure a les fotos&#8230; hem fet cas de totes!!! Ha estat una setmana molt divertida!!!<\/span><\/p>\n<p><span lang=\"CA\">Encara queda dem\u00e0&#8230; tots disfressats!!!!!!<\/span><\/p>\n<p><a href=\"https:\/\/photos.google.com\/share\/AF1QipNyHKacql-bpRDQs3hpeQCxQyYfx-6kVvWlWnBre4SUmQ3dD41uEOYUuTvt4eQw3Q?key=b0pEa3dzYXhFOHRZV0dVM29CY0lHSVFkVThtVS1R\" target=\"_blank\" rel=\"noopener\"><img loading=\"lazy\" decoding=\"async\" class=\"attachment-266x266 alignnone\" src=\"https:\/\/agora.xtec.cat\/ceip-agsantandreu\/wp-content\/uploads\/usu37\/2019\/02\/IMG_2010_photo-Copiar.jpg\" alt=\"\" width=\"266\" height=\"200\" \/><\/a><\/p>\n<p><a href=\"https:\/\/photos.app.goo.gl\/GFm3wrvwkvLLbJ6JA\" target=\"_blank\" rel=\"noopener\">Cliqueu AQU\u00cd per veure m\u00e9s fotografies.<\/a><\/p>\n<p>&nbsp;<\/p>\n","protected":false},"excerpt":{"rendered":"<p>Com ja sabeu el divendres passat vam donar la benvinguda al Rei Carnestoltes!!!<br \/>\nEls nens i nenes de 6\u00e8 van llegir-nos el preg\u00f3 amb totes les consignes que hav\u00edem de complir al llarg d\u2019aquesta setmana.<br \/>\nI&#8230;.. com podeu veure a les fotos&#8230; hem fet cas de&hellip;  <a href=\"https:\/\/agora.xtec.cat\/ceip-agsantandreu\/general\/el-rei-carnestoltes-a-infantil\/\" title=\"Read EL REI CARNESTOLTES A INFANTIL!\">Llegeix m\u00e9s\u00bb<\/a><\/p>\n","protected":false},"author":3,"featured_media":2206,"comment_status":"open","ping_status":"closed","sticky":false,"template":"","format":"standard","meta":{"_bbp_topic_count":0,"_bbp_reply_count":0,"_bbp_total_topic_count":0,"_bbp_total_reply_count":0,"_bbp_voice_count":0,"_bbp_anonymous_reply_count":0,"_bbp_topic_count_hidden":0,"_bbp_reply_count_hidden":0,"_bbp_forum_subforum_count":0,"footnotes":""},"categories":[2,1,4],"tags":[],"class_list":["post-2205","post","type-post","status-publish","format-standard","has-post-thumbnail","hentry","category-petits","category-general","category-portada"],"post_mailing_queue_ids":[],"_links":{"self":[{"href":"https:\/\/agora.xtec.cat\/ceip-agsantandreu\/wp-json\/wp\/v2\/posts\/2205","targetHints":{"allow":["GET"]}}],"collection":[{"href":"https:\/\/agora.xtec.cat\/ceip-agsantandreu\/wp-json\/wp\/v2\/posts"}],"about":[{"href":"https:\/\/agora.xtec.cat\/ceip-agsantandreu\/wp-json\/wp\/v2\/types\/post"}],"author":[{"embeddable":true,"href":"https:\/\/agora.xtec.cat\/ceip-agsantandreu\/wp-json\/wp\/v2\/users\/3"}],"replies":[{"embeddable":true,"href":"https:\/\/agora.xtec.cat\/ceip-agsantandreu\/wp-json\/wp\/v2\/comments?post=2205"}],"version-history":[{"count":3,"href":"https:\/\/agora.xtec.cat\/ceip-agsantandreu\/wp-json\/wp\/v2\/posts\/2205\/revisions"}],"predecessor-version":[{"id":2230,"href":"https:\/\/agora.xtec.cat\/ceip-agsantandreu\/wp-json\/wp\/v2\/posts\/2205\/revisions\/2230"}],"wp:featuredmedia":[{"embeddable":true,"href":"https:\/\/agora.xtec.cat\/ceip-agsantandreu\/wp-json\/wp\/v2\/media\/2206"}],"wp:attachment":[{"href":"https:\/\/agora.xtec.cat\/ceip-agsantandreu\/wp-json\/wp\/v2\/media?parent=2205"}],"wp:term":[{"taxonomy":"category","embeddable":true,"href":"https:\/\/agora.xtec.cat\/ceip-agsantandreu\/wp-json\/wp\/v2\/categories?post=2205"},{"taxonomy":"post_tag","embeddable":true,"href":"https:\/\/agora.xtec.cat\/ceip-agsantandreu\/wp-json\/wp\/v2\/tags?post=2205"}],"curies":[{"name":"wp","href":"https:\/\/api.w.org\/{rel}","templated":true}]}}