{"id":2196,"date":"2019-02-28T10:34:27","date_gmt":"2019-02-28T09:34:27","guid":{"rendered":"http:\/\/agora.xtec.cat\/ceip-agsantandreu\/?p=2196"},"modified":"2019-02-28T10:34:41","modified_gmt":"2019-02-28T09:34:41","slug":"aprenem-valors-jugant","status":"publish","type":"post","link":"https:\/\/agora.xtec.cat\/ceip-agsantandreu\/portada\/aprenem-valors-jugant\/","title":{"rendered":"Aprenem valors jugant"},"content":{"rendered":"<p><a href=\"http:\/\/agora.xtec.cat\/ceip-agsantandreu\/portada\/aprenem-valors-jugant\/attachment\/img_6724\/\" rel=\"attachment wp-att-2198\"><img loading=\"lazy\" decoding=\"async\" class=\"aligncenter size-medium wp-image-2198\" src=\"https:\/\/agora.xtec.cat\/ceip-agsantandreu\/wp-content\/uploads\/usu37\/2019\/02\/IMG_6724-300x225.jpg\" alt=\"\" width=\"300\" height=\"225\" srcset=\"https:\/\/agora.xtec.cat\/ceip-agsantandreu\/wp-content\/uploads\/usu37\/2019\/02\/IMG_6724-300x225.jpg 300w, https:\/\/agora.xtec.cat\/ceip-agsantandreu\/wp-content\/uploads\/usu37\/2019\/02\/IMG_6724-200x150.jpg 200w, https:\/\/agora.xtec.cat\/ceip-agsantandreu\/wp-content\/uploads\/usu37\/2019\/02\/IMG_6724.jpg 640w\" sizes=\"auto, (max-width: 300px) 100vw, 300px\" \/><\/a><\/p>\n<p>A tercer, a valors treballem diferents temes a trav\u00e9s de contes, curts, debats i altres activitats. Les \u00faltimes sessions les vam dedicar a refor\u00e7ar\u00a0 (a trav\u00e9s dels jocs ) el\u00a0 treball en equip, la cooperaci\u00f3, el respecte, la paci\u00e8ncia\u2026.<\/p>\n<p>Aqu\u00ed teniu alguns d\u2019aquests moments<\/p>\n<p><a href=\"https:\/\/photos.app.goo.gl\/Sh8vjnRorrfqiXZb9\">FOTOS<\/a><\/p>\n<p>&nbsp;<\/p>\n","protected":false},"excerpt":{"rendered":"<p><a href=\"http:\/\/agora.xtec.cat\/ceip-agsantandreu\/portada\/aprenem-valors-jugant\/attachment\/img_6724\/\" rel=\"attachment wp-att-2198\"><\/a><br \/>\nA tercer, a valors treballem diferents temes a trav\u00e9s de contes, curts, debats i altres activitats. Les \u00faltimes sessions les vam dedicar a refor\u00e7ar\u00a0 (a trav\u00e9s dels jocs ) el\u00a0 treball en equip, la cooperaci\u00f3, el respecte, la paci\u00e8ncia\u2026.<br \/>\nAqu\u00ed teniu alguns d\u2019aquests&hellip;  <a href=\"https:\/\/agora.xtec.cat\/ceip-agsantandreu\/portada\/aprenem-valors-jugant\/\" title=\"Read Aprenem valors jugant\">Llegeix m\u00e9s\u00bb<\/a><\/p>\n","protected":false},"author":3,"featured_media":0,"comment_status":"closed","ping_status":"closed","sticky":false,"template":"","format":"standard","meta":{"_bbp_topic_count":0,"_bbp_reply_count":0,"_bbp_total_topic_count":0,"_bbp_total_reply_count":0,"_bbp_voice_count":0,"_bbp_anonymous_reply_count":0,"_bbp_topic_count_hidden":0,"_bbp_reply_count_hidden":0,"_bbp_forum_subforum_count":0,"footnotes":""},"categories":[58,4],"tags":[],"class_list":["post-2196","post","type-post","status-publish","format-standard","hentry","category-mitjans-mitjans","category-portada"],"post_mailing_queue_ids":[],"_links":{"self":[{"href":"https:\/\/agora.xtec.cat\/ceip-agsantandreu\/wp-json\/wp\/v2\/posts\/2196","targetHints":{"allow":["GET"]}}],"collection":[{"href":"https:\/\/agora.xtec.cat\/ceip-agsantandreu\/wp-json\/wp\/v2\/posts"}],"about":[{"href":"https:\/\/agora.xtec.cat\/ceip-agsantandreu\/wp-json\/wp\/v2\/types\/post"}],"author":[{"embeddable":true,"href":"https:\/\/agora.xtec.cat\/ceip-agsantandreu\/wp-json\/wp\/v2\/users\/3"}],"replies":[{"embeddable":true,"href":"https:\/\/agora.xtec.cat\/ceip-agsantandreu\/wp-json\/wp\/v2\/comments?post=2196"}],"version-history":[{"count":3,"href":"https:\/\/agora.xtec.cat\/ceip-agsantandreu\/wp-json\/wp\/v2\/posts\/2196\/revisions"}],"predecessor-version":[{"id":2200,"href":"https:\/\/agora.xtec.cat\/ceip-agsantandreu\/wp-json\/wp\/v2\/posts\/2196\/revisions\/2200"}],"wp:attachment":[{"href":"https:\/\/agora.xtec.cat\/ceip-agsantandreu\/wp-json\/wp\/v2\/media?parent=2196"}],"wp:term":[{"taxonomy":"category","embeddable":true,"href":"https:\/\/agora.xtec.cat\/ceip-agsantandreu\/wp-json\/wp\/v2\/categories?post=2196"},{"taxonomy":"post_tag","embeddable":true,"href":"https:\/\/agora.xtec.cat\/ceip-agsantandreu\/wp-json\/wp\/v2\/tags?post=2196"}],"curies":[{"name":"wp","href":"https:\/\/api.w.org\/{rel}","templated":true}]}}