{"id":2189,"date":"2019-02-27T18:37:29","date_gmt":"2019-02-27T17:37:29","guid":{"rendered":"http:\/\/agora.xtec.cat\/ceip-agsantandreu\/?p=2189"},"modified":"2019-02-28T16:02:41","modified_gmt":"2019-02-28T15:02:41","slug":"a-3er-estem-al-dia","status":"publish","type":"post","link":"https:\/\/agora.xtec.cat\/ceip-agsantandreu\/portada\/a-3er-estem-al-dia\/","title":{"rendered":"A tercer, estem al dia!"},"content":{"rendered":"<p>&nbsp;<\/p>\n<p><img decoding=\"async\" src=\"https:\/\/outlook.live.com\/owa\/service.svc\/s\/GetAttachmentThumbnail?id=AQMkADAwATYwMAItOWQ2Zi1jNDI0LTAwAi0wMAoARgAAA0naoeT%2BeqZNm9ACqFVDOtgHAM0%2B8Y1GEQ9Is0Sg8JdinZ4AAAIBDAAAAM0%2B8Y1GEQ9Is0Sg8JdinZ4AAxmjvgkAAAABEgAQAD%2BuQrAYIHBNheKq1BaOxac%3D&amp;thumbnailType=2&amp;X-OWA-CANARY=MVSeWitQvk2TJacg2hHj6ZBdNSzZnNYYafkSyRmi0N0PvCp7yA4Rz7LG6asWWlZ1x9QgsCf--XE.&amp;animation=true\" \/><\/p>\n<p>&nbsp;<\/p>\n<p>Des de fa unes setmanes que els nens i nenes de tercer estem molt posats en l&#8217;actualitat. Cada cap de setmana, recollim aquelles not\u00edcies que ens semblen m\u00e9s interessants per\u00a0 compartir-les amb els nostres companys. Ens convertim en una esp\u00e8cie de reporters per\u00a0 aix\u00ed poder-los explicar cada setmana tot el que passa al nostre voltant. Per aix\u00f2, anem actualitzant el nostre taul\u00f3 amb totes les not\u00edcies<\/p>\n","protected":false},"excerpt":{"rendered":"<p>&nbsp;<\/p>\n<p>&nbsp;<br \/>\nDes de fa unes setmanes que els nens i nenes de tercer estem molt posats en l&#8217;actualitat. Cada cap de setmana, recollim aquelles not\u00edcies que ens semblen m\u00e9s interessants per\u00a0 compartir-les amb els nostres companys. Ens convertim en una esp\u00e8cie de reporters per\u00a0 aix\u00ed poder-los&hellip;  <a href=\"https:\/\/agora.xtec.cat\/ceip-agsantandreu\/portada\/a-3er-estem-al-dia\/\" title=\"Read A tercer, estem al dia!\">Llegeix m\u00e9s\u00bb<\/a><\/p>\n","protected":false},"author":3,"featured_media":0,"comment_status":"closed","ping_status":"closed","sticky":false,"template":"","format":"standard","meta":{"_bbp_topic_count":0,"_bbp_reply_count":0,"_bbp_total_topic_count":0,"_bbp_total_reply_count":0,"_bbp_voice_count":0,"_bbp_anonymous_reply_count":0,"_bbp_topic_count_hidden":0,"_bbp_reply_count_hidden":0,"_bbp_forum_subforum_count":0,"footnotes":""},"categories":[58,4],"tags":[],"class_list":["post-2189","post","type-post","status-publish","format-standard","hentry","category-mitjans-mitjans","category-portada"],"post_mailing_queue_ids":[],"_links":{"self":[{"href":"https:\/\/agora.xtec.cat\/ceip-agsantandreu\/wp-json\/wp\/v2\/posts\/2189","targetHints":{"allow":["GET"]}}],"collection":[{"href":"https:\/\/agora.xtec.cat\/ceip-agsantandreu\/wp-json\/wp\/v2\/posts"}],"about":[{"href":"https:\/\/agora.xtec.cat\/ceip-agsantandreu\/wp-json\/wp\/v2\/types\/post"}],"author":[{"embeddable":true,"href":"https:\/\/agora.xtec.cat\/ceip-agsantandreu\/wp-json\/wp\/v2\/users\/3"}],"replies":[{"embeddable":true,"href":"https:\/\/agora.xtec.cat\/ceip-agsantandreu\/wp-json\/wp\/v2\/comments?post=2189"}],"version-history":[{"count":3,"href":"https:\/\/agora.xtec.cat\/ceip-agsantandreu\/wp-json\/wp\/v2\/posts\/2189\/revisions"}],"predecessor-version":[{"id":2211,"href":"https:\/\/agora.xtec.cat\/ceip-agsantandreu\/wp-json\/wp\/v2\/posts\/2189\/revisions\/2211"}],"wp:attachment":[{"href":"https:\/\/agora.xtec.cat\/ceip-agsantandreu\/wp-json\/wp\/v2\/media?parent=2189"}],"wp:term":[{"taxonomy":"category","embeddable":true,"href":"https:\/\/agora.xtec.cat\/ceip-agsantandreu\/wp-json\/wp\/v2\/categories?post=2189"},{"taxonomy":"post_tag","embeddable":true,"href":"https:\/\/agora.xtec.cat\/ceip-agsantandreu\/wp-json\/wp\/v2\/tags?post=2189"}],"curies":[{"name":"wp","href":"https:\/\/api.w.org\/{rel}","templated":true}]}}