{"id":2127,"date":"2019-02-08T16:30:01","date_gmt":"2019-02-08T15:30:01","guid":{"rendered":"http:\/\/agora.xtec.cat\/ceip-agsantandreu\/?p=2127"},"modified":"2019-02-08T16:35:28","modified_gmt":"2019-02-08T15:35:28","slug":"jornades-culturals-2019","status":"publish","type":"post","link":"https:\/\/agora.xtec.cat\/ceip-agsantandreu\/general\/jornades-culturals-2019\/","title":{"rendered":"JORNADES CULTURALS 2019"},"content":{"rendered":"<p><a href=\"https:\/\/agora.xtec.cat\/ceip-agsantandreu\/wp-content\/uploads\/usu37\/2019\/02\/cinema.jpg\"><img loading=\"lazy\" decoding=\"async\" class=\"wp-image-2128 alignleft\" src=\"https:\/\/agora.xtec.cat\/ceip-agsantandreu\/wp-content\/uploads\/usu37\/2019\/02\/cinema.jpg\" alt=\"\" width=\"251\" height=\"232\" srcset=\"https:\/\/agora.xtec.cat\/ceip-agsantandreu\/wp-content\/uploads\/usu37\/2019\/02\/cinema.jpg 831w, https:\/\/agora.xtec.cat\/ceip-agsantandreu\/wp-content\/uploads\/usu37\/2019\/02\/cinema-300x277.jpg 300w, https:\/\/agora.xtec.cat\/ceip-agsantandreu\/wp-content\/uploads\/usu37\/2019\/02\/cinema-768x710.jpg 768w\" sizes=\"auto, (max-width: 251px) 100vw, 251px\" \/><\/a>Us informem que celebrarem les JORNADES CULTURALS <strong>del 5 al 8 de mar\u00e7 <\/strong>amb el fil conductor &#8220;Una Escola de cinema&#8221;.<\/p>\n<p>Esteu convidats a participar i col\u00b7laborar!<\/p>\n<p>El divendres <strong>8 de mar\u00e7 a les 16.30 h<\/strong>. obrirem les portes de l&#8217;escola perqu\u00e8 gaudiu de la decoraci\u00f3 i produccions realitzades pels vostres fills\/es.<\/p>\n<p>&nbsp;<\/p>\n<p>&nbsp;<\/p>\n<p>&nbsp;<\/p>\n","protected":false},"excerpt":{"rendered":"<p><a href=\"https:\/\/agora.xtec.cat\/ceip-agsantandreu\/wp-content\/uploads\/usu37\/2019\/02\/cinema.jpg\"><\/a>Us informem que celebrarem les JORNADES CULTURALS del 5 al 8 de mar\u00e7 amb el fil conductor &#8220;Una Escola de cinema&#8221;.<br \/>\nEsteu convidats a participar i col\u00b7laborar!<br \/>\nEl divendres 8 de mar\u00e7 a les 16.30 h. obrirem les portes de l&#8217;escola perqu\u00e8 gaudiu de la decoraci\u00f3&hellip;  <a href=\"https:\/\/agora.xtec.cat\/ceip-agsantandreu\/general\/jornades-culturals-2019\/\" title=\"Read JORNADES CULTURALS 2019\">Llegeix m\u00e9s\u00bb<\/a><\/p>\n","protected":false},"author":1,"featured_media":0,"comment_status":"closed","ping_status":"closed","sticky":false,"template":"","format":"standard","meta":{"_bbp_topic_count":0,"_bbp_reply_count":0,"_bbp_total_topic_count":0,"_bbp_total_reply_count":0,"_bbp_voice_count":0,"_bbp_anonymous_reply_count":0,"_bbp_topic_count_hidden":0,"_bbp_reply_count_hidden":0,"_bbp_forum_subforum_count":0,"footnotes":""},"categories":[1,4],"tags":[],"class_list":["post-2127","post","type-post","status-publish","format-standard","hentry","category-general","category-portada"],"post_mailing_queue_ids":[],"_links":{"self":[{"href":"https:\/\/agora.xtec.cat\/ceip-agsantandreu\/wp-json\/wp\/v2\/posts\/2127","targetHints":{"allow":["GET"]}}],"collection":[{"href":"https:\/\/agora.xtec.cat\/ceip-agsantandreu\/wp-json\/wp\/v2\/posts"}],"about":[{"href":"https:\/\/agora.xtec.cat\/ceip-agsantandreu\/wp-json\/wp\/v2\/types\/post"}],"author":[{"embeddable":true,"href":"https:\/\/agora.xtec.cat\/ceip-agsantandreu\/wp-json\/wp\/v2\/users\/1"}],"replies":[{"embeddable":true,"href":"https:\/\/agora.xtec.cat\/ceip-agsantandreu\/wp-json\/wp\/v2\/comments?post=2127"}],"version-history":[{"count":3,"href":"https:\/\/agora.xtec.cat\/ceip-agsantandreu\/wp-json\/wp\/v2\/posts\/2127\/revisions"}],"predecessor-version":[{"id":2135,"href":"https:\/\/agora.xtec.cat\/ceip-agsantandreu\/wp-json\/wp\/v2\/posts\/2127\/revisions\/2135"}],"wp:attachment":[{"href":"https:\/\/agora.xtec.cat\/ceip-agsantandreu\/wp-json\/wp\/v2\/media?parent=2127"}],"wp:term":[{"taxonomy":"category","embeddable":true,"href":"https:\/\/agora.xtec.cat\/ceip-agsantandreu\/wp-json\/wp\/v2\/categories?post=2127"},{"taxonomy":"post_tag","embeddable":true,"href":"https:\/\/agora.xtec.cat\/ceip-agsantandreu\/wp-json\/wp\/v2\/tags?post=2127"}],"curies":[{"name":"wp","href":"https:\/\/api.w.org\/{rel}","templated":true}]}}