{"id":2119,"date":"2019-02-08T16:11:54","date_gmt":"2019-02-08T15:11:54","guid":{"rendered":"http:\/\/agora.xtec.cat\/ceip-agsantandreu\/?p=2119"},"modified":"2019-02-08T16:37:03","modified_gmt":"2019-02-08T15:37:03","slug":"ja-sapropa-carnaval","status":"publish","type":"post","link":"https:\/\/agora.xtec.cat\/ceip-agsantandreu\/general\/ja-sapropa-carnaval\/","title":{"rendered":"Ja s&#8217;apropa Carnaval !!"},"content":{"rendered":"<p><a href=\"https:\/\/agora.xtec.cat\/ceip-agsantandreu\/wp-content\/uploads\/usu37\/2019\/02\/carnestoltes1.jpg\"><img loading=\"lazy\" decoding=\"async\" class=\" wp-image-2120 alignleft\" src=\"https:\/\/agora.xtec.cat\/ceip-agsantandreu\/wp-content\/uploads\/usu37\/2019\/02\/carnestoltes1.jpg\" alt=\"\" width=\"273\" height=\"259\" srcset=\"https:\/\/agora.xtec.cat\/ceip-agsantandreu\/wp-content\/uploads\/usu37\/2019\/02\/carnestoltes1.jpg 470w, https:\/\/agora.xtec.cat\/ceip-agsantandreu\/wp-content\/uploads\/usu37\/2019\/02\/carnestoltes1-300x285.jpg 300w\" sizes=\"auto, (max-width: 273px) 100vw, 273px\" \/><\/a><\/p>\n<p>El proper divendres dia <strong>1 de mar\u00e7<\/strong> celebrarem el CARNAVAL a l\u2019escola.<\/p>\n<p>Aquest curs s\u2019ha escollit el tema &#8220;UNA ESCOLA DE CINEMA&#8221;,\u00a0 per tant les disfresses giraran al voltant d&#8217;aquest tema.<\/p>\n<p>Les disfresses d&#8217;educaci\u00f3 infantil i cicle inicial es realitzaran al centre amb la col\u00b7laboraci\u00f3 de mestres i mares\/pares. A cicle mitj\u00e0 i superior s&#8217;elaboraran a casa.<\/p>\n<p>Com cada any farem una rua pel Carrer Bonaventura Pedemonte, a la qual hi esteu convidats.<\/p>\n<p>Us fem arribar l\u2019horari de la rua:<\/p>\n<ul>\n<li>Educaci\u00f3 Infantil i Cicle Inicial: 11,45h. A l&#8217;acabar la rua podreu gaudir una estoneta dins del recinte escolar amb els vostres fill\/es i mestres.<\/li>\n<li>Cicle Mitj\u00e0 i Cicle Superior: 15,30 h. Us convidem a participar a la rua i us animem a venir disfressats. En acabar, l&#8217;ALUMNAT entrar\u00e0 al gimn\u00e0s per finalitzar la festa amb l&#8217;habitual lliurament de premis.<\/li>\n<\/ul>\n<p>Aprofitem per recordar-vos que el dilluns dia 4 de mar\u00e7 \u00e9s festa de lliure disposici\u00f3.<\/p>\n","protected":false},"excerpt":{"rendered":"<p><a href=\"https:\/\/agora.xtec.cat\/ceip-agsantandreu\/wp-content\/uploads\/usu37\/2019\/02\/carnestoltes1.jpg\"><\/a><br \/>\nEl proper divendres dia 1 de mar\u00e7 celebrarem el CARNAVAL a l\u2019escola.<br \/>\nAquest curs s\u2019ha escollit el tema &#8220;UNA ESCOLA DE CINEMA&#8221;,\u00a0 per tant les disfresses giraran al voltant d&#8217;aquest tema.<br \/>\nLes disfresses d&#8217;educaci\u00f3 infantil i cicle inicial es realitzaran al centre amb la col\u00b7laboraci\u00f3 de&hellip;  <a href=\"https:\/\/agora.xtec.cat\/ceip-agsantandreu\/general\/ja-sapropa-carnaval\/\" title=\"Read Ja s&#8217;apropa Carnaval !!\">Llegeix m\u00e9s\u00bb<\/a><\/p>\n","protected":false},"author":1,"featured_media":0,"comment_status":"closed","ping_status":"closed","sticky":false,"template":"","format":"standard","meta":{"_bbp_topic_count":0,"_bbp_reply_count":0,"_bbp_total_topic_count":0,"_bbp_total_reply_count":0,"_bbp_voice_count":0,"_bbp_anonymous_reply_count":0,"_bbp_topic_count_hidden":0,"_bbp_reply_count_hidden":0,"_bbp_forum_subforum_count":0,"footnotes":""},"categories":[1,4],"tags":[],"class_list":["post-2119","post","type-post","status-publish","format-standard","hentry","category-general","category-portada"],"post_mailing_queue_ids":[],"_links":{"self":[{"href":"https:\/\/agora.xtec.cat\/ceip-agsantandreu\/wp-json\/wp\/v2\/posts\/2119","targetHints":{"allow":["GET"]}}],"collection":[{"href":"https:\/\/agora.xtec.cat\/ceip-agsantandreu\/wp-json\/wp\/v2\/posts"}],"about":[{"href":"https:\/\/agora.xtec.cat\/ceip-agsantandreu\/wp-json\/wp\/v2\/types\/post"}],"author":[{"embeddable":true,"href":"https:\/\/agora.xtec.cat\/ceip-agsantandreu\/wp-json\/wp\/v2\/users\/1"}],"replies":[{"embeddable":true,"href":"https:\/\/agora.xtec.cat\/ceip-agsantandreu\/wp-json\/wp\/v2\/comments?post=2119"}],"version-history":[{"count":3,"href":"https:\/\/agora.xtec.cat\/ceip-agsantandreu\/wp-json\/wp\/v2\/posts\/2119\/revisions"}],"predecessor-version":[{"id":2136,"href":"https:\/\/agora.xtec.cat\/ceip-agsantandreu\/wp-json\/wp\/v2\/posts\/2119\/revisions\/2136"}],"wp:attachment":[{"href":"https:\/\/agora.xtec.cat\/ceip-agsantandreu\/wp-json\/wp\/v2\/media?parent=2119"}],"wp:term":[{"taxonomy":"category","embeddable":true,"href":"https:\/\/agora.xtec.cat\/ceip-agsantandreu\/wp-json\/wp\/v2\/categories?post=2119"},{"taxonomy":"post_tag","embeddable":true,"href":"https:\/\/agora.xtec.cat\/ceip-agsantandreu\/wp-json\/wp\/v2\/tags?post=2119"}],"curies":[{"name":"wp","href":"https:\/\/api.w.org\/{rel}","templated":true}]}}