{"id":2071,"date":"2018-12-21T13:35:48","date_gmt":"2018-12-21T12:35:48","guid":{"rendered":"http:\/\/agora.xtec.cat\/ceip-agsantandreu\/?p=2071"},"modified":"2018-12-21T13:36:07","modified_gmt":"2018-12-21T12:36:07","slug":"nadales","status":"publish","type":"post","link":"https:\/\/agora.xtec.cat\/ceip-agsantandreu\/portada\/nadales\/","title":{"rendered":"Nadales"},"content":{"rendered":"<p>Avui, els alumnes del nostre Col\u00b7legi, han felicitat el Nadal a Pares i altres familiars, cantant-nos i delectant-nos amb unes meravelloses nadales, que han fet les del\u00edcies de tots els presents.<\/p>\n<p>Gr\u00e0cies a ells, i gr\u00e0cies a vosaltres per la vostra assist\u00e8ncia.<\/p>\n<p>Que tingueu un Bon Nadal!<\/p>\n<p><a href=\"http:\/\/agora.xtec.cat\/ceip-agsantandreu\/portada\/nadales\/attachment\/img_3210-copiar\/\" rel=\"attachment wp-att-2072\"><img loading=\"lazy\" decoding=\"async\" class=\"aligncenter size-medium wp-image-2072\" src=\"https:\/\/agora.xtec.cat\/ceip-agsantandreu\/wp-content\/uploads\/usu37\/2018\/12\/IMG_3210-Copiar-300x200.jpg\" alt=\"\" width=\"300\" height=\"200\" srcset=\"https:\/\/agora.xtec.cat\/ceip-agsantandreu\/wp-content\/uploads\/usu37\/2018\/12\/IMG_3210-Copiar-300x200.jpg 300w, https:\/\/agora.xtec.cat\/ceip-agsantandreu\/wp-content\/uploads\/usu37\/2018\/12\/IMG_3210-Copiar-768x513.jpg 768w, https:\/\/agora.xtec.cat\/ceip-agsantandreu\/wp-content\/uploads\/usu37\/2018\/12\/IMG_3210-Copiar.jpg 1024w\" sizes=\"auto, (max-width: 300px) 100vw, 300px\" \/><\/a><\/p>\n<p><a href=\"https:\/\/photos.app.goo.gl\/aVXXfAc4F48Rff3SA\">Fotos Nadales<\/a><\/p>\n<p>&nbsp;<\/p>\n","protected":false},"excerpt":{"rendered":"<p>Avui, els alumnes del nostre Col\u00b7legi, han felicitat el Nadal a Pares i altres familiars, cantant-nos i delectant-nos amb unes meravelloses nadales, que han fet les del\u00edcies de tots els presents.<br \/>\nGr\u00e0cies a ells, i gr\u00e0cies a vosaltres per la vostra assist\u00e8ncia.<br \/>\nQue tingueu un Bon Nadal!<br \/>\n<a&hellip;  <a href=\"https:\/\/agora.xtec.cat\/ceip-agsantandreu\/portada\/nadales\/\" title=\"Read Nadales\">Llegeix m\u00e9s\u00bb<\/a><\/p>\n","protected":false},"author":3,"featured_media":0,"comment_status":"closed","ping_status":"closed","sticky":false,"template":"","format":"standard","meta":{"_bbp_topic_count":0,"_bbp_reply_count":0,"_bbp_total_topic_count":0,"_bbp_total_reply_count":0,"_bbp_voice_count":0,"_bbp_anonymous_reply_count":0,"_bbp_topic_count_hidden":0,"_bbp_reply_count_hidden":0,"_bbp_forum_subforum_count":0,"footnotes":""},"categories":[4],"tags":[],"class_list":["post-2071","post","type-post","status-publish","format-standard","hentry","category-portada"],"post_mailing_queue_ids":[],"_links":{"self":[{"href":"https:\/\/agora.xtec.cat\/ceip-agsantandreu\/wp-json\/wp\/v2\/posts\/2071","targetHints":{"allow":["GET"]}}],"collection":[{"href":"https:\/\/agora.xtec.cat\/ceip-agsantandreu\/wp-json\/wp\/v2\/posts"}],"about":[{"href":"https:\/\/agora.xtec.cat\/ceip-agsantandreu\/wp-json\/wp\/v2\/types\/post"}],"author":[{"embeddable":true,"href":"https:\/\/agora.xtec.cat\/ceip-agsantandreu\/wp-json\/wp\/v2\/users\/3"}],"replies":[{"embeddable":true,"href":"https:\/\/agora.xtec.cat\/ceip-agsantandreu\/wp-json\/wp\/v2\/comments?post=2071"}],"version-history":[{"count":2,"href":"https:\/\/agora.xtec.cat\/ceip-agsantandreu\/wp-json\/wp\/v2\/posts\/2071\/revisions"}],"predecessor-version":[{"id":2074,"href":"https:\/\/agora.xtec.cat\/ceip-agsantandreu\/wp-json\/wp\/v2\/posts\/2071\/revisions\/2074"}],"wp:attachment":[{"href":"https:\/\/agora.xtec.cat\/ceip-agsantandreu\/wp-json\/wp\/v2\/media?parent=2071"}],"wp:term":[{"taxonomy":"category","embeddable":true,"href":"https:\/\/agora.xtec.cat\/ceip-agsantandreu\/wp-json\/wp\/v2\/categories?post=2071"},{"taxonomy":"post_tag","embeddable":true,"href":"https:\/\/agora.xtec.cat\/ceip-agsantandreu\/wp-json\/wp\/v2\/tags?post=2071"}],"curies":[{"name":"wp","href":"https:\/\/api.w.org\/{rel}","templated":true}]}}