{"id":2052,"date":"2018-12-18T08:59:20","date_gmt":"2018-12-18T07:59:20","guid":{"rendered":"http:\/\/agora.xtec.cat\/ceip-agsantandreu\/?p=2052"},"modified":"2018-12-18T08:59:34","modified_gmt":"2018-12-18T07:59:34","slug":"3r-anem-a-fer-pa","status":"publish","type":"post","link":"https:\/\/agora.xtec.cat\/ceip-agsantandreu\/portada\/3r-anem-a-fer-pa\/","title":{"rendered":"3r  anem a fer pa"},"content":{"rendered":"<p><a href=\"http:\/\/agora.xtec.cat\/ceip-agsantandreu\/portada\/3r-anem-a-fer-pa\/attachment\/dscn0338-copy\/\" rel=\"attachment wp-att-2053\"><img loading=\"lazy\" decoding=\"async\" class=\"aligncenter size-medium wp-image-2053\" src=\"https:\/\/agora.xtec.cat\/ceip-agsantandreu\/wp-content\/uploads\/usu37\/2018\/12\/DSCN0338-Copy-300x225.jpg\" alt=\"\" width=\"300\" height=\"225\" srcset=\"https:\/\/agora.xtec.cat\/ceip-agsantandreu\/wp-content\/uploads\/usu37\/2018\/12\/DSCN0338-Copy-300x225.jpg 300w, https:\/\/agora.xtec.cat\/ceip-agsantandreu\/wp-content\/uploads\/usu37\/2018\/12\/DSCN0338-Copy-768x576.jpg 768w, https:\/\/agora.xtec.cat\/ceip-agsantandreu\/wp-content\/uploads\/usu37\/2018\/12\/DSCN0338-Copy.jpg 1024w, https:\/\/agora.xtec.cat\/ceip-agsantandreu\/wp-content\/uploads\/usu37\/2018\/12\/DSCN0338-Copy-200x150.jpg 200w\" sizes=\"auto, (max-width: 300px) 100vw, 300px\" \/><\/a><\/p>\n<p>El divendres 14 els nens i nenes de tercer vam marxar a Can Pou a Sant Antoni de Vilamajor.<\/p>\n<p>Quan vam arribar, vam esmorzar per agafar forces i comen\u00e7ar les activitats. Vam veure els animals que hi havia a la masia, vam jugar, vam aprendre i &#8230;amb les mans ben enfarinades vam fer pa. \u00a0Ens van sortir d\u2019all\u00f2 m\u00e9s b\u00e9!!<\/p>\n<p>Quan tots vam acabar ja era hora de dinar i abans de marxar vam fer una volta per la zona.<\/p>\n<p>Ens ho vam passar molt b\u00e9!<\/p>\n<p>Si voleu veure-ho, cliqueu a les\u00a0<a href=\"https:\/\/photos.app.goo.gl\/GUcVC5TS4WXcY7BbA\">FOTOS<\/a><\/p>\n","protected":false},"excerpt":{"rendered":"<p><a href=\"http:\/\/agora.xtec.cat\/ceip-agsantandreu\/portada\/3r-anem-a-fer-pa\/attachment\/dscn0338-copy\/\" rel=\"attachment wp-att-2053\"><\/a><br \/>\nEl divendres 14 els nens i nenes de tercer vam marxar a Can Pou a Sant Antoni de Vilamajor.<br \/>\nQuan vam arribar, vam esmorzar per agafar forces i comen\u00e7ar les activitats. Vam veure els animals que hi havia a la masia, vam jugar,&hellip;  <a href=\"https:\/\/agora.xtec.cat\/ceip-agsantandreu\/portada\/3r-anem-a-fer-pa\/\" title=\"Read 3r  anem a fer pa\">Llegeix m\u00e9s\u00bb<\/a><\/p>\n","protected":false},"author":3,"featured_media":0,"comment_status":"closed","ping_status":"closed","sticky":false,"template":"","format":"standard","meta":{"_bbp_topic_count":0,"_bbp_reply_count":0,"_bbp_total_topic_count":0,"_bbp_total_reply_count":0,"_bbp_voice_count":0,"_bbp_anonymous_reply_count":0,"_bbp_topic_count_hidden":0,"_bbp_reply_count_hidden":0,"_bbp_forum_subforum_count":0,"footnotes":""},"categories":[58,4],"tags":[],"class_list":["post-2052","post","type-post","status-publish","format-standard","hentry","category-mitjans-mitjans","category-portada"],"post_mailing_queue_ids":[],"_links":{"self":[{"href":"https:\/\/agora.xtec.cat\/ceip-agsantandreu\/wp-json\/wp\/v2\/posts\/2052","targetHints":{"allow":["GET"]}}],"collection":[{"href":"https:\/\/agora.xtec.cat\/ceip-agsantandreu\/wp-json\/wp\/v2\/posts"}],"about":[{"href":"https:\/\/agora.xtec.cat\/ceip-agsantandreu\/wp-json\/wp\/v2\/types\/post"}],"author":[{"embeddable":true,"href":"https:\/\/agora.xtec.cat\/ceip-agsantandreu\/wp-json\/wp\/v2\/users\/3"}],"replies":[{"embeddable":true,"href":"https:\/\/agora.xtec.cat\/ceip-agsantandreu\/wp-json\/wp\/v2\/comments?post=2052"}],"version-history":[{"count":3,"href":"https:\/\/agora.xtec.cat\/ceip-agsantandreu\/wp-json\/wp\/v2\/posts\/2052\/revisions"}],"predecessor-version":[{"id":2056,"href":"https:\/\/agora.xtec.cat\/ceip-agsantandreu\/wp-json\/wp\/v2\/posts\/2052\/revisions\/2056"}],"wp:attachment":[{"href":"https:\/\/agora.xtec.cat\/ceip-agsantandreu\/wp-json\/wp\/v2\/media?parent=2052"}],"wp:term":[{"taxonomy":"category","embeddable":true,"href":"https:\/\/agora.xtec.cat\/ceip-agsantandreu\/wp-json\/wp\/v2\/categories?post=2052"},{"taxonomy":"post_tag","embeddable":true,"href":"https:\/\/agora.xtec.cat\/ceip-agsantandreu\/wp-json\/wp\/v2\/tags?post=2052"}],"curies":[{"name":"wp","href":"https:\/\/api.w.org\/{rel}","templated":true}]}}