{"id":2005,"date":"2018-12-10T16:50:11","date_gmt":"2018-12-10T15:50:11","guid":{"rendered":"http:\/\/agora.xtec.cat\/ceip-agsantandreu\/?p=2005"},"modified":"2018-12-10T16:52:21","modified_gmt":"2018-12-10T15:52:21","slug":"trobem-al-tio","status":"publish","type":"post","link":"https:\/\/agora.xtec.cat\/ceip-agsantandreu\/comunitats\/petits\/trobem-al-tio\/","title":{"rendered":"TROBEM AL TI\u00d3!"},"content":{"rendered":"<p>Aquest mat\u00ed&#8230;. Tots els nens i les nenes d&#8217;Educaci\u00f3 Infantil hem sortit fora de classe per buscar al ti\u00f3!!!<br \/>\nEn silenci perqu\u00e8 no s&#8217;espant\u00e9s i amb els ulls ben oberts &#8230;. SORPRESA!!!!!, l&#8217;hem trobat a la muntanya!!!!<br \/>\nPobret tenia molt de fred i molta gana&#8230; Haurem de donar-li molt de menjar i veurem que\u00a0passa!!<\/p>\n<p><img loading=\"lazy\" decoding=\"async\" class=\"attachment-266x266 size-266x266\" src=\"https:\/\/agora.xtec.cat\/ceip-agsantandreu\/wp-content\/uploads\/usu37\/2017\/12\/585d2d9ac8f0c-tio7.jpg\" alt=\"\" width=\"266\" height=\"150\" \/><\/p>\n<p><a href=\"https:\/\/photos.app.goo.gl\/3HCEttDi3Ki12FEU9\">Cliqueu AQU\u00cd per veure m\u00e9s fotografies.<\/a><\/p>\n<p>&nbsp;<\/p>\n","protected":false},"excerpt":{"rendered":"<p>Aquest mat\u00ed&#8230;. Tots els nens i les nenes d&#8217;Educaci\u00f3 Infantil hem sortit fora de classe per buscar al ti\u00f3!!!<br \/>\nEn silenci perqu\u00e8 no s&#8217;espant\u00e9s i amb els ulls ben oberts &#8230;. SORPRESA!!!!!, l&#8217;hem trobat a la muntanya!!!!<br \/>\nPobret tenia molt de fred i molta gana&#8230; Haurem de&hellip;  <a href=\"https:\/\/agora.xtec.cat\/ceip-agsantandreu\/comunitats\/petits\/trobem-al-tio\/\" title=\"Read TROBEM AL TI\u00d3!\">Llegeix m\u00e9s\u00bb<\/a><\/p>\n","protected":false},"author":3,"featured_media":1076,"comment_status":"open","ping_status":"closed","sticky":false,"template":"","format":"standard","meta":{"_bbp_topic_count":0,"_bbp_reply_count":0,"_bbp_total_topic_count":0,"_bbp_total_reply_count":0,"_bbp_voice_count":0,"_bbp_anonymous_reply_count":0,"_bbp_topic_count_hidden":0,"_bbp_reply_count_hidden":0,"_bbp_forum_subforum_count":0,"footnotes":""},"categories":[2,57,4],"tags":[],"class_list":["post-2005","post","type-post","status-publish","format-standard","has-post-thumbnail","hentry","category-petits","category-comunitats","category-portada"],"post_mailing_queue_ids":[],"_links":{"self":[{"href":"https:\/\/agora.xtec.cat\/ceip-agsantandreu\/wp-json\/wp\/v2\/posts\/2005","targetHints":{"allow":["GET"]}}],"collection":[{"href":"https:\/\/agora.xtec.cat\/ceip-agsantandreu\/wp-json\/wp\/v2\/posts"}],"about":[{"href":"https:\/\/agora.xtec.cat\/ceip-agsantandreu\/wp-json\/wp\/v2\/types\/post"}],"author":[{"embeddable":true,"href":"https:\/\/agora.xtec.cat\/ceip-agsantandreu\/wp-json\/wp\/v2\/users\/3"}],"replies":[{"embeddable":true,"href":"https:\/\/agora.xtec.cat\/ceip-agsantandreu\/wp-json\/wp\/v2\/comments?post=2005"}],"version-history":[{"count":3,"href":"https:\/\/agora.xtec.cat\/ceip-agsantandreu\/wp-json\/wp\/v2\/posts\/2005\/revisions"}],"predecessor-version":[{"id":2011,"href":"https:\/\/agora.xtec.cat\/ceip-agsantandreu\/wp-json\/wp\/v2\/posts\/2005\/revisions\/2011"}],"wp:featuredmedia":[{"embeddable":true,"href":"https:\/\/agora.xtec.cat\/ceip-agsantandreu\/wp-json\/wp\/v2\/media\/1076"}],"wp:attachment":[{"href":"https:\/\/agora.xtec.cat\/ceip-agsantandreu\/wp-json\/wp\/v2\/media?parent=2005"}],"wp:term":[{"taxonomy":"category","embeddable":true,"href":"https:\/\/agora.xtec.cat\/ceip-agsantandreu\/wp-json\/wp\/v2\/categories?post=2005"},{"taxonomy":"post_tag","embeddable":true,"href":"https:\/\/agora.xtec.cat\/ceip-agsantandreu\/wp-json\/wp\/v2\/tags?post=2005"}],"curies":[{"name":"wp","href":"https:\/\/api.w.org\/{rel}","templated":true}]}}