{"id":1999,"date":"2018-12-05T12:37:40","date_gmt":"2018-12-05T11:37:40","guid":{"rendered":"http:\/\/agora.xtec.cat\/ceip-agsantandreu\/?p=1999"},"modified":"2018-12-05T12:38:28","modified_gmt":"2018-12-05T11:38:28","slug":"p4-anem-a-fer-oli","status":"publish","type":"post","link":"https:\/\/agora.xtec.cat\/ceip-agsantandreu\/comunitats\/petits\/p4-anem-a-fer-oli\/","title":{"rendered":"P4 ANEM A FER OLI!"},"content":{"rendered":"<p>Hola fam\u00edlies!<br \/>\nLa classe de\u00a0P4\u00a0hem anat d&#8217;excursi\u00f3 a Can Juli\u00e0 (Sant Esteve de Sesrovires) a fer oli.<br \/>\nVa ser un dia molt profit\u00f3s, ja que vam veure tot el proc\u00e9s que es fa\u00a0des que\u00a0agafem les olives de l&#8217;olivera, fins que obtenim l&#8217;oli.<br \/>\nDespr\u00e9s d&#8217;agafar forces esmorzant, ens hem posat mans a l&#8217;obra i amb ajuda dels monitors hem realitzat nosaltres mateixos tot el proc\u00e9s:<br \/>\n1) Hem\u00a0col\u00b7locat\u00a0una xarxa a sota l&#8217;olivera\u00a0perqu\u00e8\u00a0les olives caiguessin all\u00e0.<br \/>\n2) Amb un pal hem batollat l&#8217;olivera i han caigut un munt d&#8217;olives i aix\u00ed ja les hem pogut collir.<br \/>\n3) Hem fet una petita tria de les olives.<br \/>\n4) Les hem rentat i escorregut en un cistell ben gran.<br \/>\n5) Les hem llen\u00e7at a la trituradora i ha sortit una pasta que feia una olor la mar de bona.<br \/>\n6) Hem premsat aquesta pasta i l&#8217;hem ficat en un bid\u00f3.<br \/>\n7) I per \u00faltim&#8230;..SORPRESA!!!\u00a0Shhhhhhh\u00a0\u00e9s un secret!!!!<br \/>\nEns ho hem passat d&#8217;all\u00f2 m\u00e9s b\u00e9, per\u00f2 sobretot hem apr\u00e8s moltes coses sobre les olives I l&#8217;oli.<br \/>\nEns voleu veure??<\/p>\n<p><img loading=\"lazy\" decoding=\"async\" class=\"attachment-266x266 \" src=\"https:\/\/agora.xtec.cat\/ceip-agsantandreu\/wp-content\/uploads\/usu37\/2018\/12\/IMG_0239photo-Copiar.jpg\" alt=\"\" width=\"355\" height=\"200\" \/><\/p>\n<p><a href=\"https:\/\/photos.app.goo.gl\/knR5Kb2CSVFfmjcJA\">Cliqueu AQU\u00cd per veure m\u00e9s fotografies.<\/a><\/p>\n<p>&nbsp;<\/p>\n<p>&nbsp;<\/p>\n","protected":false},"excerpt":{"rendered":"<p>Hola fam\u00edlies!<br \/>\nLa classe de\u00a0P4\u00a0hem anat d&#8217;excursi\u00f3 a Can Juli\u00e0 (Sant Esteve de Sesrovires) a fer oli.<br \/>\nVa ser un dia molt profit\u00f3s, ja que vam veure tot el proc\u00e9s que es fa\u00a0des que\u00a0agafem les olives de l&#8217;olivera, fins que obtenim l&#8217;oli.<br \/>\nDespr\u00e9s d&#8217;agafar forces esmorzant, ens hem&hellip;  <a href=\"https:\/\/agora.xtec.cat\/ceip-agsantandreu\/comunitats\/petits\/p4-anem-a-fer-oli\/\" title=\"Read P4 ANEM A FER OLI!\">Llegeix m\u00e9s\u00bb<\/a><\/p>\n","protected":false},"author":3,"featured_media":2002,"comment_status":"open","ping_status":"closed","sticky":false,"template":"","format":"standard","meta":{"_bbp_topic_count":0,"_bbp_reply_count":0,"_bbp_total_topic_count":0,"_bbp_total_reply_count":0,"_bbp_voice_count":0,"_bbp_anonymous_reply_count":0,"_bbp_topic_count_hidden":0,"_bbp_reply_count_hidden":0,"_bbp_forum_subforum_count":0,"footnotes":""},"categories":[2,57,4],"tags":[],"class_list":["post-1999","post","type-post","status-publish","format-standard","has-post-thumbnail","hentry","category-petits","category-comunitats","category-portada"],"post_mailing_queue_ids":[],"_links":{"self":[{"href":"https:\/\/agora.xtec.cat\/ceip-agsantandreu\/wp-json\/wp\/v2\/posts\/1999","targetHints":{"allow":["GET"]}}],"collection":[{"href":"https:\/\/agora.xtec.cat\/ceip-agsantandreu\/wp-json\/wp\/v2\/posts"}],"about":[{"href":"https:\/\/agora.xtec.cat\/ceip-agsantandreu\/wp-json\/wp\/v2\/types\/post"}],"author":[{"embeddable":true,"href":"https:\/\/agora.xtec.cat\/ceip-agsantandreu\/wp-json\/wp\/v2\/users\/3"}],"replies":[{"embeddable":true,"href":"https:\/\/agora.xtec.cat\/ceip-agsantandreu\/wp-json\/wp\/v2\/comments?post=1999"}],"version-history":[{"count":2,"href":"https:\/\/agora.xtec.cat\/ceip-agsantandreu\/wp-json\/wp\/v2\/posts\/1999\/revisions"}],"predecessor-version":[{"id":2004,"href":"https:\/\/agora.xtec.cat\/ceip-agsantandreu\/wp-json\/wp\/v2\/posts\/1999\/revisions\/2004"}],"wp:featuredmedia":[{"embeddable":true,"href":"https:\/\/agora.xtec.cat\/ceip-agsantandreu\/wp-json\/wp\/v2\/media\/2002"}],"wp:attachment":[{"href":"https:\/\/agora.xtec.cat\/ceip-agsantandreu\/wp-json\/wp\/v2\/media?parent=1999"}],"wp:term":[{"taxonomy":"category","embeddable":true,"href":"https:\/\/agora.xtec.cat\/ceip-agsantandreu\/wp-json\/wp\/v2\/categories?post=1999"},{"taxonomy":"post_tag","embeddable":true,"href":"https:\/\/agora.xtec.cat\/ceip-agsantandreu\/wp-json\/wp\/v2\/tags?post=1999"}],"curies":[{"name":"wp","href":"https:\/\/api.w.org\/{rel}","templated":true}]}}