{"id":1910,"date":"2018-11-14T10:45:42","date_gmt":"2018-11-14T09:45:42","guid":{"rendered":"http:\/\/agora.xtec.cat\/ceip-agsantandreu\/?p=1910"},"modified":"2018-11-14T10:46:53","modified_gmt":"2018-11-14T09:46:53","slug":"el-laboratori-dels-sentits","status":"publish","type":"post","link":"https:\/\/agora.xtec.cat\/ceip-agsantandreu\/comunitats\/petits\/el-laboratori-dels-sentits\/","title":{"rendered":"EL LABORATORI DELS SENTITS."},"content":{"rendered":"<p>Els nens i les nens de 1r hem anat d\u2019excursi\u00f3 a la f\u00e0brica de xocolata Sim\u00f3n , on hem pogut tastar el cacao i la xocolata de diferents sabors i tamb\u00e9 hem visitat les caves Vilarnau on hem olorat i tastat el most.\u00a0 Aquesta experi\u00e8ncia ens ha ajudat a entendre \u00a0millor\u00a0 \u201cEls sentits\u201d que es el tema \u00a0que estem treballant a la classe.<\/p>\n<p><a href=\"http:\/\/agora.xtec.cat\/ceip-agsantandreu\/cicles\/infantil\/el-laboratori-dels-sentits\/attachment\/dscn0753-copiar\/\" rel=\"attachment wp-att-1911\"><img loading=\"lazy\" decoding=\"async\" class=\"aligncenter size-medium wp-image-1911\" src=\"https:\/\/agora.xtec.cat\/ceip-agsantandreu\/wp-content\/uploads\/usu37\/2018\/11\/DSCN0753-Copiar-300x225.jpg\" alt=\"\" width=\"300\" height=\"225\" srcset=\"https:\/\/agora.xtec.cat\/ceip-agsantandreu\/wp-content\/uploads\/usu37\/2018\/11\/DSCN0753-Copiar-300x225.jpg 300w, https:\/\/agora.xtec.cat\/ceip-agsantandreu\/wp-content\/uploads\/usu37\/2018\/11\/DSCN0753-Copiar-768x576.jpg 768w, https:\/\/agora.xtec.cat\/ceip-agsantandreu\/wp-content\/uploads\/usu37\/2018\/11\/DSCN0753-Copiar.jpg 1024w, https:\/\/agora.xtec.cat\/ceip-agsantandreu\/wp-content\/uploads\/usu37\/2018\/11\/DSCN0753-Copiar-200x150.jpg 200w\" sizes=\"auto, (max-width: 300px) 100vw, 300px\" \/><\/a><\/p>\n<p>&nbsp;<\/p>\n<p><a href=\"https:\/\/photos.app.goo.gl\/SWRPBoyYEAjfMtY17\">Clica<\/a><\/p>\n","protected":false},"excerpt":{"rendered":"<p>Els nens i les nens de 1r hem anat d\u2019excursi\u00f3 a la f\u00e0brica de xocolata Sim\u00f3n , on hem pogut tastar el cacao i la xocolata de diferents sabors i tamb\u00e9 hem visitat les caves Vilarnau on hem olorat i tastat el most.\u00a0 Aquesta experi\u00e8ncia&hellip;  <a href=\"https:\/\/agora.xtec.cat\/ceip-agsantandreu\/comunitats\/petits\/el-laboratori-dels-sentits\/\" title=\"Read EL LABORATORI DELS SENTITS.\">Llegeix m\u00e9s\u00bb<\/a><\/p>\n","protected":false},"author":3,"featured_media":0,"comment_status":"closed","ping_status":"closed","sticky":false,"template":"","format":"standard","meta":{"_bbp_topic_count":0,"_bbp_reply_count":0,"_bbp_total_topic_count":0,"_bbp_total_reply_count":0,"_bbp_voice_count":0,"_bbp_anonymous_reply_count":0,"_bbp_topic_count_hidden":0,"_bbp_reply_count_hidden":0,"_bbp_forum_subforum_count":0,"footnotes":""},"categories":[2,4],"tags":[],"class_list":["post-1910","post","type-post","status-publish","format-standard","hentry","category-petits","category-portada"],"post_mailing_queue_ids":[],"_links":{"self":[{"href":"https:\/\/agora.xtec.cat\/ceip-agsantandreu\/wp-json\/wp\/v2\/posts\/1910","targetHints":{"allow":["GET"]}}],"collection":[{"href":"https:\/\/agora.xtec.cat\/ceip-agsantandreu\/wp-json\/wp\/v2\/posts"}],"about":[{"href":"https:\/\/agora.xtec.cat\/ceip-agsantandreu\/wp-json\/wp\/v2\/types\/post"}],"author":[{"embeddable":true,"href":"https:\/\/agora.xtec.cat\/ceip-agsantandreu\/wp-json\/wp\/v2\/users\/3"}],"replies":[{"embeddable":true,"href":"https:\/\/agora.xtec.cat\/ceip-agsantandreu\/wp-json\/wp\/v2\/comments?post=1910"}],"version-history":[{"count":3,"href":"https:\/\/agora.xtec.cat\/ceip-agsantandreu\/wp-json\/wp\/v2\/posts\/1910\/revisions"}],"predecessor-version":[{"id":1914,"href":"https:\/\/agora.xtec.cat\/ceip-agsantandreu\/wp-json\/wp\/v2\/posts\/1910\/revisions\/1914"}],"wp:attachment":[{"href":"https:\/\/agora.xtec.cat\/ceip-agsantandreu\/wp-json\/wp\/v2\/media?parent=1910"}],"wp:term":[{"taxonomy":"category","embeddable":true,"href":"https:\/\/agora.xtec.cat\/ceip-agsantandreu\/wp-json\/wp\/v2\/categories?post=1910"},{"taxonomy":"post_tag","embeddable":true,"href":"https:\/\/agora.xtec.cat\/ceip-agsantandreu\/wp-json\/wp\/v2\/tags?post=1910"}],"curies":[{"name":"wp","href":"https:\/\/api.w.org\/{rel}","templated":true}]}}