{"id":1883,"date":"2018-11-05T13:31:31","date_gmt":"2018-11-05T12:31:31","guid":{"rendered":"http:\/\/agora.xtec.cat\/ceip-agsantandreu\/?p=1883"},"modified":"2018-11-05T13:31:31","modified_gmt":"2018-11-05T12:31:31","slug":"la-castanyada-a-infantil","status":"publish","type":"post","link":"https:\/\/agora.xtec.cat\/ceip-agsantandreu\/general\/la-castanyada-a-infantil\/","title":{"rendered":"LA CASTANYADA A INFANTIL!"},"content":{"rendered":"<p>Ha arribat la CASTANYERA i ho hem celebrat fent una festa amb la corona de la TARDOR!<\/p>\n<p>Tot i la pluja, ens ha portat unes castanyes bon\u00edssimes que ens hem menjat a la classe tots plegats. Li hem cantat una can\u00e7oneta i despr\u00e9s hem estat ballant!<\/p>\n<p>Ens ho hem passat d\u2019all\u00f2 m\u00e9s b\u00e9!<\/p>\n<p><img loading=\"lazy\" decoding=\"async\" class=\"attachment-266x266 size-266x266\" src=\"https:\/\/agora.xtec.cat\/ceip-agsantandreu\/wp-content\/uploads\/usu37\/2018\/11\/IMG_9175photo-Copiar.jpg\" alt=\"\" width=\"266\" height=\"148\" \/><\/p>\n<p><a href=\"https:\/\/photos.app.goo.gl\/qdLCAGcJSEW2SGv88\">Cliqueu AQU\u00cd per veure m\u00e9s fotografies.<\/a><\/p>\n<p>&nbsp;<\/p>\n","protected":false},"excerpt":{"rendered":"<p>Ha arribat la CASTANYERA i ho hem celebrat fent una festa amb la corona de la TARDOR!<br \/>\nTot i la pluja, ens ha portat unes castanyes bon\u00edssimes que ens hem menjat a la classe tots plegats. Li hem cantat una can\u00e7oneta i despr\u00e9s hem estat ballant!<br \/>\nEns&hellip;  <a href=\"https:\/\/agora.xtec.cat\/ceip-agsantandreu\/general\/la-castanyada-a-infantil\/\" title=\"Read LA CASTANYADA A INFANTIL!\">Llegeix m\u00e9s\u00bb<\/a><\/p>\n","protected":false},"author":3,"featured_media":1884,"comment_status":"open","ping_status":"closed","sticky":false,"template":"","format":"standard","meta":{"_bbp_topic_count":0,"_bbp_reply_count":0,"_bbp_total_topic_count":0,"_bbp_total_reply_count":0,"_bbp_voice_count":0,"_bbp_anonymous_reply_count":0,"_bbp_topic_count_hidden":0,"_bbp_reply_count_hidden":0,"_bbp_forum_subforum_count":0,"footnotes":""},"categories":[2,57,1,4],"tags":[],"class_list":["post-1883","post","type-post","status-publish","format-standard","has-post-thumbnail","hentry","category-petits","category-comunitats","category-general","category-portada"],"post_mailing_queue_ids":[],"_links":{"self":[{"href":"https:\/\/agora.xtec.cat\/ceip-agsantandreu\/wp-json\/wp\/v2\/posts\/1883","targetHints":{"allow":["GET"]}}],"collection":[{"href":"https:\/\/agora.xtec.cat\/ceip-agsantandreu\/wp-json\/wp\/v2\/posts"}],"about":[{"href":"https:\/\/agora.xtec.cat\/ceip-agsantandreu\/wp-json\/wp\/v2\/types\/post"}],"author":[{"embeddable":true,"href":"https:\/\/agora.xtec.cat\/ceip-agsantandreu\/wp-json\/wp\/v2\/users\/3"}],"replies":[{"embeddable":true,"href":"https:\/\/agora.xtec.cat\/ceip-agsantandreu\/wp-json\/wp\/v2\/comments?post=1883"}],"version-history":[{"count":1,"href":"https:\/\/agora.xtec.cat\/ceip-agsantandreu\/wp-json\/wp\/v2\/posts\/1883\/revisions"}],"predecessor-version":[{"id":1885,"href":"https:\/\/agora.xtec.cat\/ceip-agsantandreu\/wp-json\/wp\/v2\/posts\/1883\/revisions\/1885"}],"wp:featuredmedia":[{"embeddable":true,"href":"https:\/\/agora.xtec.cat\/ceip-agsantandreu\/wp-json\/wp\/v2\/media\/1884"}],"wp:attachment":[{"href":"https:\/\/agora.xtec.cat\/ceip-agsantandreu\/wp-json\/wp\/v2\/media?parent=1883"}],"wp:term":[{"taxonomy":"category","embeddable":true,"href":"https:\/\/agora.xtec.cat\/ceip-agsantandreu\/wp-json\/wp\/v2\/categories?post=1883"},{"taxonomy":"post_tag","embeddable":true,"href":"https:\/\/agora.xtec.cat\/ceip-agsantandreu\/wp-json\/wp\/v2\/tags?post=1883"}],"curies":[{"name":"wp","href":"https:\/\/api.w.org\/{rel}","templated":true}]}}