{"id":1768,"date":"2018-09-10T14:03:10","date_gmt":"2018-09-10T12:03:10","guid":{"rendered":"http:\/\/agora.xtec.cat\/ceip-agsantandreu\/?p=1768"},"modified":"2018-09-10T14:07:19","modified_gmt":"2018-09-10T12:07:19","slug":"entrada-primer-dia-en-cas-de-pluja","status":"publish","type":"post","link":"https:\/\/agora.xtec.cat\/ceip-agsantandreu\/general\/entrada-primer-dia-en-cas-de-pluja\/","title":{"rendered":"ENTRADA PRIMER DIA EN CAS DE PLUJA"},"content":{"rendered":"<p><a href=\"http:\/\/agora.xtec.cat\/ceip-agsantandreu\/wp-content\/uploads\/usu37\/2018\/09\/lluvia.jpg\"><img loading=\"lazy\" decoding=\"async\" class=\"size-full wp-image-1770 alignright\" src=\"http:\/\/agora.xtec.cat\/ceip-agsantandreu\/wp-content\/uploads\/usu37\/2018\/09\/lluvia.jpg\" alt=\"\" width=\"221\" height=\"228\" \/><\/a>Nom\u00e9s, en cas de pluja el primer dia de classe a les 9 h,\u00a0 la entrada es far\u00e0 de la seg\u00fcent manera:<\/p>\n<ul>\n<li>Les fam\u00edlies d\u2019Educaci\u00f3 Infantil i C. Inicial\u00a0 podran\u00a0 acompanyar l\u2019alumnat a l\u2019aula.<\/li>\n<li>L\u2019alumnat de C. Mitj\u00e0 entrar\u00e0 per la rampa i ser\u00e0 acompanyat a les aules per\u00a0 dos mestres.<\/li>\n<li>L\u2019alumnat de C. Superior entrar\u00e0 com sempre pel vest\u00edbul de la planta baixa i anir\u00e0 directe a les aules.<\/li>\n<\/ul>\n<p>A partir d\u2019aquest moment, les entrades i sortides es faran\u00a0 tal com s\u2019especifica\u00a0 a la circular lliurada el passat divendres dia 7 de setembre.<\/p>\n<p>La direcci\u00f3\u00a0 del centre<\/p>\n","protected":false},"excerpt":{"rendered":"<p><a href=\"http:\/\/agora.xtec.cat\/ceip-agsantandreu\/wp-content\/uploads\/usu37\/2018\/09\/lluvia.jpg\"><\/a>Nom\u00e9s, en cas de pluja el primer dia de classe a les 9 h,\u00a0 la entrada es far\u00e0 de la seg\u00fcent manera:<\/p>\n<ul>\n<li>Les fam\u00edlies d\u2019Educaci\u00f3 Infantil i C. Inicial\u00a0 podran\u00a0 acompanyar l\u2019alumnat a l\u2019aula.<\/li>\n<li>L\u2019alumnat de C. Mitj\u00e0 entrar\u00e0 per la rampa i ser\u00e0 acompanyat a&hellip;  <a href=\"https:\/\/agora.xtec.cat\/ceip-agsantandreu\/general\/entrada-primer-dia-en-cas-de-pluja\/\" title=\"Read ENTRADA PRIMER DIA EN CAS DE PLUJA\">Llegeix m\u00e9s\u00bb<\/a><br \/>\n","protected":false},"author":1,"featured_media":0,"comment_status":"closed","ping_status":"closed","sticky":false,"template":"","format":"standard","meta":{"_bbp_topic_count":0,"_bbp_reply_count":0,"_bbp_total_topic_count":0,"_bbp_total_reply_count":0,"_bbp_voice_count":0,"_bbp_anonymous_reply_count":0,"_bbp_topic_count_hidden":0,"_bbp_reply_count_hidden":0,"_bbp_forum_subforum_count":0,"footnotes":""},"categories":[1,4],"tags":[],"class_list":["post-1768","post","type-post","status-publish","format-standard","hentry","category-general","category-portada"],"post_mailing_queue_ids":[],"_links":{"self":[{"href":"https:\/\/agora.xtec.cat\/ceip-agsantandreu\/wp-json\/wp\/v2\/posts\/1768","targetHints":{"allow":["GET"]}}],"collection":[{"href":"https:\/\/agora.xtec.cat\/ceip-agsantandreu\/wp-json\/wp\/v2\/posts"}],"about":[{"href":"https:\/\/agora.xtec.cat\/ceip-agsantandreu\/wp-json\/wp\/v2\/types\/post"}],"author":[{"embeddable":true,"href":"https:\/\/agora.xtec.cat\/ceip-agsantandreu\/wp-json\/wp\/v2\/users\/1"}],"replies":[{"embeddable":true,"href":"https:\/\/agora.xtec.cat\/ceip-agsantandreu\/wp-json\/wp\/v2\/comments?post=1768"}],"version-history":[{"count":3,"href":"https:\/\/agora.xtec.cat\/ceip-agsantandreu\/wp-json\/wp\/v2\/posts\/1768\/revisions"}],"predecessor-version":[{"id":1777,"href":"https:\/\/agora.xtec.cat\/ceip-agsantandreu\/wp-json\/wp\/v2\/posts\/1768\/revisions\/1777"}],"wp:attachment":[{"href":"https:\/\/agora.xtec.cat\/ceip-agsantandreu\/wp-json\/wp\/v2\/media?parent=1768"}],"wp:term":[{"taxonomy":"category","embeddable":true,"href":"https:\/\/agora.xtec.cat\/ceip-agsantandreu\/wp-json\/wp\/v2\/categories?post=1768"},{"taxonomy":"post_tag","embeddable":true,"href":"https:\/\/agora.xtec.cat\/ceip-agsantandreu\/wp-json\/wp\/v2\/tags?post=1768"}],"curies":[{"name":"wp","href":"https:\/\/api.w.org\/{rel}","templated":true}]}}