{"id":1622,"date":"2018-05-17T11:58:10","date_gmt":"2018-05-17T09:58:10","guid":{"rendered":"http:\/\/agora.xtec.cat\/ceip-agsantandreu\/?p=1622"},"modified":"2018-05-17T11:58:20","modified_gmt":"2018-05-17T09:58:20","slug":"visita-de-primer-a-la-masia-el-canadell","status":"publish","type":"post","link":"https:\/\/agora.xtec.cat\/ceip-agsantandreu\/portada\/visita-de-primer-a-la-masia-el-canadell\/","title":{"rendered":"VISITA  DE PRIMER A LA MASIA \u201cEL CANADELL\u201d"},"content":{"rendered":"<p><a href=\"http:\/\/agora.xtec.cat\/ceip-agsantandreu\/portada\/visita-de-primer-a-la-masia-el-canadell\/attachment\/dsc03413-copiar\/\" rel=\"attachment wp-att-1623\"><img loading=\"lazy\" decoding=\"async\" class=\"aligncenter size-medium wp-image-1623\" src=\"http:\/\/agora.xtec.cat\/ceip-agsantandreu\/wp-content\/uploads\/usu37\/2018\/05\/DSC03413-Copiar-300x225.jpg\" alt=\"\" width=\"300\" height=\"225\" srcset=\"https:\/\/agora.xtec.cat\/ceip-agsantandreu\/wp-content\/uploads\/usu37\/2018\/05\/DSC03413-Copiar-300x225.jpg 300w, https:\/\/agora.xtec.cat\/ceip-agsantandreu\/wp-content\/uploads\/usu37\/2018\/05\/DSC03413-Copiar-768x576.jpg 768w, https:\/\/agora.xtec.cat\/ceip-agsantandreu\/wp-content\/uploads\/usu37\/2018\/05\/DSC03413-Copiar.jpg 1024w, https:\/\/agora.xtec.cat\/ceip-agsantandreu\/wp-content\/uploads\/usu37\/2018\/05\/DSC03413-Copiar-200x150.jpg 200w\" sizes=\"auto, (max-width: 300px) 100vw, 300px\" \/><\/a><\/p>\n<p>&nbsp;<\/p>\n<p>El passat divendres els nens i nenes de primer vam anar a la masia \u201cEl Canadell\u201d que est\u00e0 al poble de Calders. All\u00e0 ens ho vam passar d\u2019all\u00f2 m\u00e9s b\u00e9 jugant al bosc que envolta la casa i tamb\u00e9 estampant una samarreta. Hem passat un dia genial!!<\/p>\n<p>&nbsp;<\/p>\n<p><a href=\"https:\/\/photos.app.goo.gl\/hqVdTrEeEJpjcKoR2\">FOTOS<\/a><\/p>\n","protected":false},"excerpt":{"rendered":"<p><a href=\"http:\/\/agora.xtec.cat\/ceip-agsantandreu\/portada\/visita-de-primer-a-la-masia-el-canadell\/attachment\/dsc03413-copiar\/\" rel=\"attachment wp-att-1623\"><\/a><br \/>\n&nbsp;<br \/>\nEl passat divendres els nens i nenes de primer vam anar a la masia \u201cEl Canadell\u201d que est\u00e0 al poble de Calders. All\u00e0 ens ho vam passar d\u2019all\u00f2 m\u00e9s b\u00e9 jugant al bosc que envolta la casa i tamb\u00e9 estampant una samarreta.&hellip;  <a href=\"https:\/\/agora.xtec.cat\/ceip-agsantandreu\/portada\/visita-de-primer-a-la-masia-el-canadell\/\" title=\"Read VISITA  DE PRIMER A LA MASIA \u201cEL CANADELL\u201d\">Llegeix m\u00e9s\u00bb<\/a><\/p>\n","protected":false},"author":3,"featured_media":0,"comment_status":"closed","ping_status":"closed","sticky":false,"template":"","format":"standard","meta":{"_bbp_topic_count":0,"_bbp_reply_count":0,"_bbp_total_topic_count":0,"_bbp_total_reply_count":0,"_bbp_voice_count":0,"_bbp_anonymous_reply_count":0,"_bbp_topic_count_hidden":0,"_bbp_reply_count_hidden":0,"_bbp_forum_subforum_count":0,"footnotes":""},"categories":[5,4],"tags":[],"class_list":["post-1622","post","type-post","status-publish","format-standard","hentry","category-mitjans","category-portada"],"post_mailing_queue_ids":[],"_links":{"self":[{"href":"https:\/\/agora.xtec.cat\/ceip-agsantandreu\/wp-json\/wp\/v2\/posts\/1622","targetHints":{"allow":["GET"]}}],"collection":[{"href":"https:\/\/agora.xtec.cat\/ceip-agsantandreu\/wp-json\/wp\/v2\/posts"}],"about":[{"href":"https:\/\/agora.xtec.cat\/ceip-agsantandreu\/wp-json\/wp\/v2\/types\/post"}],"author":[{"embeddable":true,"href":"https:\/\/agora.xtec.cat\/ceip-agsantandreu\/wp-json\/wp\/v2\/users\/3"}],"replies":[{"embeddable":true,"href":"https:\/\/agora.xtec.cat\/ceip-agsantandreu\/wp-json\/wp\/v2\/comments?post=1622"}],"version-history":[{"count":2,"href":"https:\/\/agora.xtec.cat\/ceip-agsantandreu\/wp-json\/wp\/v2\/posts\/1622\/revisions"}],"predecessor-version":[{"id":1625,"href":"https:\/\/agora.xtec.cat\/ceip-agsantandreu\/wp-json\/wp\/v2\/posts\/1622\/revisions\/1625"}],"wp:attachment":[{"href":"https:\/\/agora.xtec.cat\/ceip-agsantandreu\/wp-json\/wp\/v2\/media?parent=1622"}],"wp:term":[{"taxonomy":"category","embeddable":true,"href":"https:\/\/agora.xtec.cat\/ceip-agsantandreu\/wp-json\/wp\/v2\/categories?post=1622"},{"taxonomy":"post_tag","embeddable":true,"href":"https:\/\/agora.xtec.cat\/ceip-agsantandreu\/wp-json\/wp\/v2\/tags?post=1622"}],"curies":[{"name":"wp","href":"https:\/\/api.w.org\/{rel}","templated":true}]}}