{"id":1594,"date":"2018-05-02T11:23:05","date_gmt":"2018-05-02T09:23:05","guid":{"rendered":"http:\/\/agora.xtec.cat\/ceip-agsantandreu\/?p=1594"},"modified":"2018-05-02T11:23:14","modified_gmt":"2018-05-02T09:23:14","slug":"setmana-cultural-2017-18","status":"publish","type":"post","link":"https:\/\/agora.xtec.cat\/ceip-agsantandreu\/portada\/setmana-cultural-2017-18\/","title":{"rendered":"Setmana Cultural 2017-18"},"content":{"rendered":"<p>Durant la Setmana Cultural els alumnes de l\u2019\u00c0ngel Guimer\u00e0 hem treballat les set meravelles del m\u00f3n, els nens i nenes de 4t de Prim\u00e0ria hem fet tasques sobre la ciutat de Petra. A partir de la realitzaci\u00f3 dels tallers hem apr\u00e8s moltes coses, com es va fer, qu\u00e8 va ser, com \u00e9s ara, curiositats\u2026<\/p>\n<p><a href=\"http:\/\/agora.xtec.cat\/ceip-agsantandreu\/portada\/setmana-cultural-2017-18\/attachment\/dscn0075-copiar\/\" rel=\"attachment wp-att-1595\"><img loading=\"lazy\" decoding=\"async\" class=\"aligncenter size-large wp-image-1595\" src=\"http:\/\/agora.xtec.cat\/ceip-agsantandreu\/wp-content\/uploads\/usu37\/2018\/05\/DSCN0075-Copiar-1024x768.jpg\" alt=\"\" width=\"1024\" height=\"768\" srcset=\"https:\/\/agora.xtec.cat\/ceip-agsantandreu\/wp-content\/uploads\/usu37\/2018\/05\/DSCN0075-Copiar.jpg 1024w, https:\/\/agora.xtec.cat\/ceip-agsantandreu\/wp-content\/uploads\/usu37\/2018\/05\/DSCN0075-Copiar-300x225.jpg 300w, https:\/\/agora.xtec.cat\/ceip-agsantandreu\/wp-content\/uploads\/usu37\/2018\/05\/DSCN0075-Copiar-768x576.jpg 768w, https:\/\/agora.xtec.cat\/ceip-agsantandreu\/wp-content\/uploads\/usu37\/2018\/05\/DSCN0075-Copiar-200x150.jpg 200w\" sizes=\"auto, (max-width: 1024px) 100vw, 1024px\" \/><\/a><\/p>\n<p><a href=\"https:\/\/photos.app.goo.gl\/UvFygD0bZgJBGKsj2\">Fotografies Setmana Cultural<\/a><\/p>\n<p>&nbsp;<\/p>\n","protected":false},"excerpt":{"rendered":"<p>Durant la Setmana Cultural els alumnes de l\u2019\u00c0ngel Guimer\u00e0 hem treballat les set meravelles del m\u00f3n, els nens i nenes de 4t de Prim\u00e0ria hem fet tasques sobre la ciutat de Petra. A partir de la realitzaci\u00f3 dels tallers hem apr\u00e8s moltes coses, com es&hellip;  <a href=\"https:\/\/agora.xtec.cat\/ceip-agsantandreu\/portada\/setmana-cultural-2017-18\/\" title=\"Read Setmana Cultural 2017-18\">Llegeix m\u00e9s\u00bb<\/a><\/p>\n","protected":false},"author":3,"featured_media":0,"comment_status":"closed","ping_status":"closed","sticky":false,"template":"","format":"standard","meta":{"_bbp_topic_count":0,"_bbp_reply_count":0,"_bbp_total_topic_count":0,"_bbp_total_reply_count":0,"_bbp_voice_count":0,"_bbp_anonymous_reply_count":0,"_bbp_topic_count_hidden":0,"_bbp_reply_count_hidden":0,"_bbp_forum_subforum_count":0,"footnotes":""},"categories":[58,4],"tags":[],"class_list":["post-1594","post","type-post","status-publish","format-standard","hentry","category-mitjans-mitjans","category-portada"],"post_mailing_queue_ids":[],"_links":{"self":[{"href":"https:\/\/agora.xtec.cat\/ceip-agsantandreu\/wp-json\/wp\/v2\/posts\/1594","targetHints":{"allow":["GET"]}}],"collection":[{"href":"https:\/\/agora.xtec.cat\/ceip-agsantandreu\/wp-json\/wp\/v2\/posts"}],"about":[{"href":"https:\/\/agora.xtec.cat\/ceip-agsantandreu\/wp-json\/wp\/v2\/types\/post"}],"author":[{"embeddable":true,"href":"https:\/\/agora.xtec.cat\/ceip-agsantandreu\/wp-json\/wp\/v2\/users\/3"}],"replies":[{"embeddable":true,"href":"https:\/\/agora.xtec.cat\/ceip-agsantandreu\/wp-json\/wp\/v2\/comments?post=1594"}],"version-history":[{"count":2,"href":"https:\/\/agora.xtec.cat\/ceip-agsantandreu\/wp-json\/wp\/v2\/posts\/1594\/revisions"}],"predecessor-version":[{"id":1597,"href":"https:\/\/agora.xtec.cat\/ceip-agsantandreu\/wp-json\/wp\/v2\/posts\/1594\/revisions\/1597"}],"wp:attachment":[{"href":"https:\/\/agora.xtec.cat\/ceip-agsantandreu\/wp-json\/wp\/v2\/media?parent=1594"}],"wp:term":[{"taxonomy":"category","embeddable":true,"href":"https:\/\/agora.xtec.cat\/ceip-agsantandreu\/wp-json\/wp\/v2\/categories?post=1594"},{"taxonomy":"post_tag","embeddable":true,"href":"https:\/\/agora.xtec.cat\/ceip-agsantandreu\/wp-json\/wp\/v2\/tags?post=1594"}],"curies":[{"name":"wp","href":"https:\/\/api.w.org\/{rel}","templated":true}]}}