{"id":1564,"date":"2018-04-23T13:33:07","date_gmt":"2018-04-23T11:33:07","guid":{"rendered":"http:\/\/agora.xtec.cat\/ceip-agsantandreu\/?p=1564"},"modified":"2018-04-23T13:33:07","modified_gmt":"2018-04-23T11:33:07","slug":"sant-jordi-2018-primer","status":"publish","type":"post","link":"https:\/\/agora.xtec.cat\/ceip-agsantandreu\/portada\/sant-jordi-2018-primer\/","title":{"rendered":"SANT JORDI 2018-PRIMER"},"content":{"rendered":"<p>La Diada de Sant Jordi sempre \u00e9s molt especial a l\u2019escola, perqu\u00e8 \u00e9s una celebraci\u00f3 que compartim amb les nostres fam\u00edlies. Avui\u00a0 s\u2019ha fet l\u2019entrega de premis del concurs literari i despr\u00e9s hem ballat la dansa \u201cKokoleoko\u201d que hem preparat durant molts dies amb la Maria Eug\u00e8nia. Tot ha sortit perfecte!!<\/p>\n<p><a href=\"https:\/\/photos.app.goo.gl\/0QVXXPJjT1eLlOvk1\">FOTOS<\/a><\/p>\n","protected":false},"excerpt":{"rendered":"<p>La Diada de Sant Jordi sempre \u00e9s molt especial a l\u2019escola, perqu\u00e8 \u00e9s una celebraci\u00f3 que compartim amb les nostres fam\u00edlies. Avui\u00a0 s\u2019ha fet l\u2019entrega de premis del concurs literari i despr\u00e9s hem ballat la dansa \u201cKokoleoko\u201d que hem preparat durant molts dies amb la&hellip;  <a href=\"https:\/\/agora.xtec.cat\/ceip-agsantandreu\/portada\/sant-jordi-2018-primer\/\" title=\"Read SANT JORDI 2018-PRIMER\">Llegeix m\u00e9s\u00bb<\/a><\/p>\n","protected":false},"author":3,"featured_media":0,"comment_status":"closed","ping_status":"closed","sticky":false,"template":"","format":"standard","meta":{"_bbp_topic_count":0,"_bbp_reply_count":0,"_bbp_total_topic_count":0,"_bbp_total_reply_count":0,"_bbp_voice_count":0,"_bbp_anonymous_reply_count":0,"_bbp_topic_count_hidden":0,"_bbp_reply_count_hidden":0,"_bbp_forum_subforum_count":0,"footnotes":""},"categories":[5,4],"tags":[],"class_list":["post-1564","post","type-post","status-publish","format-standard","hentry","category-mitjans","category-portada"],"post_mailing_queue_ids":[],"_links":{"self":[{"href":"https:\/\/agora.xtec.cat\/ceip-agsantandreu\/wp-json\/wp\/v2\/posts\/1564","targetHints":{"allow":["GET"]}}],"collection":[{"href":"https:\/\/agora.xtec.cat\/ceip-agsantandreu\/wp-json\/wp\/v2\/posts"}],"about":[{"href":"https:\/\/agora.xtec.cat\/ceip-agsantandreu\/wp-json\/wp\/v2\/types\/post"}],"author":[{"embeddable":true,"href":"https:\/\/agora.xtec.cat\/ceip-agsantandreu\/wp-json\/wp\/v2\/users\/3"}],"replies":[{"embeddable":true,"href":"https:\/\/agora.xtec.cat\/ceip-agsantandreu\/wp-json\/wp\/v2\/comments?post=1564"}],"version-history":[{"count":1,"href":"https:\/\/agora.xtec.cat\/ceip-agsantandreu\/wp-json\/wp\/v2\/posts\/1564\/revisions"}],"predecessor-version":[{"id":1565,"href":"https:\/\/agora.xtec.cat\/ceip-agsantandreu\/wp-json\/wp\/v2\/posts\/1564\/revisions\/1565"}],"wp:attachment":[{"href":"https:\/\/agora.xtec.cat\/ceip-agsantandreu\/wp-json\/wp\/v2\/media?parent=1564"}],"wp:term":[{"taxonomy":"category","embeddable":true,"href":"https:\/\/agora.xtec.cat\/ceip-agsantandreu\/wp-json\/wp\/v2\/categories?post=1564"},{"taxonomy":"post_tag","embeddable":true,"href":"https:\/\/agora.xtec.cat\/ceip-agsantandreu\/wp-json\/wp\/v2\/tags?post=1564"}],"curies":[{"name":"wp","href":"https:\/\/api.w.org\/{rel}","templated":true}]}}