{"id":1560,"date":"2018-04-23T13:31:08","date_gmt":"2018-04-23T11:31:08","guid":{"rendered":"http:\/\/agora.xtec.cat\/ceip-agsantandreu\/?p=1560"},"modified":"2018-04-23T13:31:16","modified_gmt":"2018-04-23T11:31:16","slug":"setmana-cultural-2018-les-piramides-degipte-segon","status":"publish","type":"post","link":"https:\/\/agora.xtec.cat\/ceip-agsantandreu\/portada\/setmana-cultural-2018-les-piramides-degipte-segon\/","title":{"rendered":"SETMANA CULTURAL 2018 &#8211; Les pir\u00e0mides d&#8217;Egipte (SEGON)"},"content":{"rendered":"<p>&nbsp;<\/p>\n<p><a href=\"http:\/\/agora.xtec.cat\/ceip-agsantandreu\/portada\/setmana-cultural-2018-les-piramides-degipte-segon\/attachment\/img_4378\/\" rel=\"attachment wp-att-1561\"><img loading=\"lazy\" decoding=\"async\" class=\"aligncenter size-medium wp-image-1561\" src=\"http:\/\/agora.xtec.cat\/ceip-agsantandreu\/wp-content\/uploads\/usu37\/2018\/04\/IMG_4378-300x225.jpg\" alt=\"\" width=\"300\" height=\"225\" srcset=\"https:\/\/agora.xtec.cat\/ceip-agsantandreu\/wp-content\/uploads\/usu37\/2018\/04\/IMG_4378-300x225.jpg 300w, https:\/\/agora.xtec.cat\/ceip-agsantandreu\/wp-content\/uploads\/usu37\/2018\/04\/IMG_4378-200x150.jpg 200w, https:\/\/agora.xtec.cat\/ceip-agsantandreu\/wp-content\/uploads\/usu37\/2018\/04\/IMG_4378.jpg 640w\" sizes=\"auto, (max-width: 300px) 100vw, 300px\" \/><\/a><\/p>\n<p>Aquest curs l\u2019escola ha decidit treballar a la Setmana Cultural les Meravelles del M\u00f3n. Als nens i nenes de segon\u00a0ens ha\u00a0tocat treballar als EGIPCIS. Hem estat tota aquesta setmana treballant continguts relacionats amb tota la cultura eg\u00edpcia: les pir\u00e0mides, la vegetaci\u00f3, la indument\u00e0ria, l\u2019escriptura&#8230;etc.<\/p>\n<p>Alguns pares i mares han volgut col\u00b7laborar fent alguna activitat a la classe, la qual cosa volen agrair la seva participaci\u00f3.<\/p>\n<p>Aqu\u00ed teniu un recull d\u2019alguns moments d\u2019aquesta setmana.<\/p>\n<p><a href=\"https:\/\/photos.app.goo.gl\/l1R7fqqbJgrxFyzE3\">FOTOS<\/a><\/p>\n","protected":false},"excerpt":{"rendered":"<p>&nbsp;<br \/>\n<a href=\"http:\/\/agora.xtec.cat\/ceip-agsantandreu\/portada\/setmana-cultural-2018-les-piramides-degipte-segon\/attachment\/img_4378\/\" rel=\"attachment wp-att-1561\"><\/a><br \/>\nAquest curs l\u2019escola ha decidit treballar a la Setmana Cultural les Meravelles del M\u00f3n. Als nens i nenes de segon\u00a0ens ha\u00a0tocat treballar als EGIPCIS. Hem estat tota aquesta setmana treballant continguts relacionats amb tota la cultura eg\u00edpcia: les pir\u00e0mides, la vegetaci\u00f3, la&hellip;  <a href=\"https:\/\/agora.xtec.cat\/ceip-agsantandreu\/portada\/setmana-cultural-2018-les-piramides-degipte-segon\/\" title=\"Read SETMANA CULTURAL 2018 &#8211; Les pir\u00e0mides d&#8217;Egipte (SEGON)\">Llegeix m\u00e9s\u00bb<\/a><\/p>\n","protected":false},"author":3,"featured_media":0,"comment_status":"closed","ping_status":"closed","sticky":false,"template":"","format":"standard","meta":{"_bbp_topic_count":0,"_bbp_reply_count":0,"_bbp_total_topic_count":0,"_bbp_total_reply_count":0,"_bbp_voice_count":0,"_bbp_anonymous_reply_count":0,"_bbp_topic_count_hidden":0,"_bbp_reply_count_hidden":0,"_bbp_forum_subforum_count":0,"footnotes":""},"categories":[5,4],"tags":[],"class_list":["post-1560","post","type-post","status-publish","format-standard","hentry","category-mitjans","category-portada"],"post_mailing_queue_ids":[],"_links":{"self":[{"href":"https:\/\/agora.xtec.cat\/ceip-agsantandreu\/wp-json\/wp\/v2\/posts\/1560","targetHints":{"allow":["GET"]}}],"collection":[{"href":"https:\/\/agora.xtec.cat\/ceip-agsantandreu\/wp-json\/wp\/v2\/posts"}],"about":[{"href":"https:\/\/agora.xtec.cat\/ceip-agsantandreu\/wp-json\/wp\/v2\/types\/post"}],"author":[{"embeddable":true,"href":"https:\/\/agora.xtec.cat\/ceip-agsantandreu\/wp-json\/wp\/v2\/users\/3"}],"replies":[{"embeddable":true,"href":"https:\/\/agora.xtec.cat\/ceip-agsantandreu\/wp-json\/wp\/v2\/comments?post=1560"}],"version-history":[{"count":2,"href":"https:\/\/agora.xtec.cat\/ceip-agsantandreu\/wp-json\/wp\/v2\/posts\/1560\/revisions"}],"predecessor-version":[{"id":1563,"href":"https:\/\/agora.xtec.cat\/ceip-agsantandreu\/wp-json\/wp\/v2\/posts\/1560\/revisions\/1563"}],"wp:attachment":[{"href":"https:\/\/agora.xtec.cat\/ceip-agsantandreu\/wp-json\/wp\/v2\/media?parent=1560"}],"wp:term":[{"taxonomy":"category","embeddable":true,"href":"https:\/\/agora.xtec.cat\/ceip-agsantandreu\/wp-json\/wp\/v2\/categories?post=1560"},{"taxonomy":"post_tag","embeddable":true,"href":"https:\/\/agora.xtec.cat\/ceip-agsantandreu\/wp-json\/wp\/v2\/tags?post=1560"}],"curies":[{"name":"wp","href":"https:\/\/api.w.org\/{rel}","templated":true}]}}