{"id":1555,"date":"2018-04-23T13:19:54","date_gmt":"2018-04-23T11:19:54","guid":{"rendered":"http:\/\/agora.xtec.cat\/ceip-agsantandreu\/?p=1555"},"modified":"2018-04-24T08:51:08","modified_gmt":"2018-04-24T06:51:08","slug":"setmana-cultural-2018-meravelles-de-mon-chichen-itza-primer","status":"publish","type":"post","link":"https:\/\/agora.xtec.cat\/ceip-agsantandreu\/general\/setmana-cultural-2018-meravelles-de-mon-chichen-itza-primer\/","title":{"rendered":"SETMANA CULTURAL 2018 MERAVELLES DE M\u00d3N- CHICH\u00c9N ITZ\u00c1 PRIMER"},"content":{"rendered":"<p>&nbsp;<\/p>\n<p><a href=\"http:\/\/agora.xtec.cat\/ceip-agsantandreu\/general\/setmana-cultural-2018-meravelles-de-mon-chichen-itza-primer\/attachment\/dsc03220-copiar\/\" rel=\"attachment wp-att-1557\"><img loading=\"lazy\" decoding=\"async\" class=\"aligncenter size-medium wp-image-1557\" src=\"http:\/\/agora.xtec.cat\/ceip-agsantandreu\/wp-content\/uploads\/usu37\/2018\/04\/DSC03220-Copiar-300x225.jpg\" alt=\"\" width=\"300\" height=\"225\" srcset=\"https:\/\/agora.xtec.cat\/ceip-agsantandreu\/wp-content\/uploads\/usu37\/2018\/04\/DSC03220-Copiar-300x225.jpg 300w, https:\/\/agora.xtec.cat\/ceip-agsantandreu\/wp-content\/uploads\/usu37\/2018\/04\/DSC03220-Copiar-768x576.jpg 768w, https:\/\/agora.xtec.cat\/ceip-agsantandreu\/wp-content\/uploads\/usu37\/2018\/04\/DSC03220-Copiar.jpg 1024w, https:\/\/agora.xtec.cat\/ceip-agsantandreu\/wp-content\/uploads\/usu37\/2018\/04\/DSC03220-Copiar-200x150.jpg 200w\" sizes=\"auto, (max-width: 300px) 100vw, 300px\" \/><\/a><\/p>\n<p>Aquest curs l\u2019escola ha decidit treballar a la Setmana Cultural les Meravelles del M\u00f3n. Als nens i nenes de primer ens ha tocat la ciutat maia de Chich\u00e9n Itz\u00e1. Durant tota aquesta setmana hem treballat molts continguts per\u00f2 relacionant-lo amb la cultura maia . Tamb\u00e9 han vingut algunes mares i han col\u00b7laborat amb alguna activitat a aquesta setmana tan especial i els hi estem molt agra\u00efts i agra\u00efdes perqu\u00e8 ens ho han fet passar molt b\u00e9 i ens han ensenyat coses molt interessants.<\/p>\n<p>Aqu\u00ed teniu una mostra de totes les coses que hem fet!!<\/p>\n<p><a href=\"https:\/\/photos.app.goo.gl\/YLCuADDAOa5IwDgk2\">FOTOS<\/a><\/p>\n","protected":false},"excerpt":{"rendered":"<p>&nbsp;<br \/>\n<a href=\"http:\/\/agora.xtec.cat\/ceip-agsantandreu\/general\/setmana-cultural-2018-meravelles-de-mon-chichen-itza-primer\/attachment\/dsc03220-copiar\/\" rel=\"attachment wp-att-1557\"><\/a><br \/>\nAquest curs l\u2019escola ha decidit treballar a la Setmana Cultural les Meravelles del M\u00f3n. Als nens i nenes de primer ens ha tocat la ciutat maia de Chich\u00e9n Itz\u00e1. Durant tota aquesta setmana hem treballat molts continguts per\u00f2 relacionant-lo amb la cultura&hellip;  <a href=\"https:\/\/agora.xtec.cat\/ceip-agsantandreu\/general\/setmana-cultural-2018-meravelles-de-mon-chichen-itza-primer\/\" title=\"Read SETMANA CULTURAL 2018 MERAVELLES DE M\u00d3N- CHICH\u00c9N ITZ\u00c1 PRIMER\">Llegeix m\u00e9s\u00bb<\/a><\/p>\n","protected":false},"author":3,"featured_media":0,"comment_status":"closed","ping_status":"closed","sticky":false,"template":"","format":"standard","meta":{"_bbp_topic_count":0,"_bbp_reply_count":0,"_bbp_total_topic_count":0,"_bbp_total_reply_count":0,"_bbp_voice_count":0,"_bbp_anonymous_reply_count":0,"_bbp_topic_count_hidden":0,"_bbp_reply_count_hidden":0,"_bbp_forum_subforum_count":0,"footnotes":""},"categories":[5,1,4],"tags":[],"class_list":["post-1555","post","type-post","status-publish","format-standard","hentry","category-mitjans","category-general","category-portada"],"post_mailing_queue_ids":[],"_links":{"self":[{"href":"https:\/\/agora.xtec.cat\/ceip-agsantandreu\/wp-json\/wp\/v2\/posts\/1555","targetHints":{"allow":["GET"]}}],"collection":[{"href":"https:\/\/agora.xtec.cat\/ceip-agsantandreu\/wp-json\/wp\/v2\/posts"}],"about":[{"href":"https:\/\/agora.xtec.cat\/ceip-agsantandreu\/wp-json\/wp\/v2\/types\/post"}],"author":[{"embeddable":true,"href":"https:\/\/agora.xtec.cat\/ceip-agsantandreu\/wp-json\/wp\/v2\/users\/3"}],"replies":[{"embeddable":true,"href":"https:\/\/agora.xtec.cat\/ceip-agsantandreu\/wp-json\/wp\/v2\/comments?post=1555"}],"version-history":[{"count":3,"href":"https:\/\/agora.xtec.cat\/ceip-agsantandreu\/wp-json\/wp\/v2\/posts\/1555\/revisions"}],"predecessor-version":[{"id":1567,"href":"https:\/\/agora.xtec.cat\/ceip-agsantandreu\/wp-json\/wp\/v2\/posts\/1555\/revisions\/1567"}],"wp:attachment":[{"href":"https:\/\/agora.xtec.cat\/ceip-agsantandreu\/wp-json\/wp\/v2\/media?parent=1555"}],"wp:term":[{"taxonomy":"category","embeddable":true,"href":"https:\/\/agora.xtec.cat\/ceip-agsantandreu\/wp-json\/wp\/v2\/categories?post=1555"},{"taxonomy":"post_tag","embeddable":true,"href":"https:\/\/agora.xtec.cat\/ceip-agsantandreu\/wp-json\/wp\/v2\/tags?post=1555"}],"curies":[{"name":"wp","href":"https:\/\/api.w.org\/{rel}","templated":true}]}}