{"id":1511,"date":"2018-04-18T15:10:15","date_gmt":"2018-04-18T13:10:15","guid":{"rendered":"http:\/\/agora.xtec.cat\/ceip-agsantandreu\/?p=1511"},"modified":"2018-04-18T15:47:29","modified_gmt":"2018-04-18T13:47:29","slug":"tallers-setmana-cultural-de-sant-jordi","status":"publish","type":"post","link":"https:\/\/agora.xtec.cat\/ceip-agsantandreu\/comunitats\/petits\/tallers-setmana-cultural-de-sant-jordi\/","title":{"rendered":"Tallers Jornades Culturals 2018"},"content":{"rendered":"<p>Durant les jornades culturals, els nens i nenes d&#8217;infantil estem treballant una de les 7 meravelles del m\u00f3n &#8220;La Gran Muralla Xina&#8221;.<\/p>\n<p>Els tallers estan relacionats amb aquesta meravella i s\u00f3n els seg\u00fcents:<\/p>\n<ul>\n<li>Barret Xin\u00e8s.<\/li>\n<li>Ventall<\/li>\n<li>Punt de llibre.<\/li>\n<li>Joc Mikado.<\/li>\n<li>Taller de pintura.<\/li>\n<li>Drac titella.<\/li>\n<li>M\u00e0scara \u00d3s Panda.<\/li>\n<li>Conte tradicional Xin\u00e8s.<\/li>\n<li>Tambor Xin\u00e8s.<\/li>\n<\/ul>\n<p>Ha estat una activitat molt enriquidora gr\u00e0cies al treball internivell de P3, P4 i P5.<\/p>\n<p>Enguany, ens han ajudat a realitzar els diferents tallers les fam\u00edlies. Moooooltes gr\u00e0cies per la vostra col.laboraci\u00f3!<\/p>\n<p><a href=\"http:\/\/agora.xtec.cat\/ceip-agsantandreu\/cicles\/infantil\/tallers-setmana-cultural-de-sant-jordi\/attachment\/cimg6716-copiar\/\" rel=\"attachment wp-att-1525\"><img loading=\"lazy\" decoding=\"async\" class=\"aligncenter size-medium wp-image-1525\" src=\"http:\/\/agora.xtec.cat\/ceip-agsantandreu\/wp-content\/uploads\/usu37\/2018\/04\/CIMG6716-Copiar-300x225.jpg\" alt=\"\" width=\"300\" height=\"225\" srcset=\"https:\/\/agora.xtec.cat\/ceip-agsantandreu\/wp-content\/uploads\/usu37\/2018\/04\/CIMG6716-Copiar-300x225.jpg 300w, https:\/\/agora.xtec.cat\/ceip-agsantandreu\/wp-content\/uploads\/usu37\/2018\/04\/CIMG6716-Copiar-768x576.jpg 768w, https:\/\/agora.xtec.cat\/ceip-agsantandreu\/wp-content\/uploads\/usu37\/2018\/04\/CIMG6716-Copiar.jpg 1024w, https:\/\/agora.xtec.cat\/ceip-agsantandreu\/wp-content\/uploads\/usu37\/2018\/04\/CIMG6716-Copiar-200x150.jpg 200w\" sizes=\"auto, (max-width: 300px) 100vw, 300px\" \/><\/a><\/p>\n<p><a href=\"https:\/\/photos.app.goo.gl\/pxaWM2M9v3IB3wOj2\">Clica per veure m\u00e9s fotografies<\/a><\/p>\n","protected":false},"excerpt":{"rendered":"<p>Durant les jornades culturals, els nens i nenes d&#8217;infantil estem treballant una de les 7 meravelles del m\u00f3n &#8220;La Gran Muralla Xina&#8221;.<br \/>\nEls tallers estan relacionats amb aquesta meravella i s\u00f3n els seg\u00fcents:<\/p>\n<ul>\n<li>Barret Xin\u00e8s.<\/li>\n<li>Ventall<\/li>\n<li>Punt de llibre.<\/li>\n<li>Joc Mikado.<\/li>\n<li>Taller de pintura.<\/li>\n<li>Drac titella.<\/li>\n<li>M\u00e0scara \u00d3s Panda.<\/li>\n<li>Conte tradicional Xin\u00e8s.<\/li>\n<li>Tambor Xin\u00e8s.<\/li>\n<\/ul>\n<p>Ha estat&hellip;  <a href=\"https:\/\/agora.xtec.cat\/ceip-agsantandreu\/comunitats\/petits\/tallers-setmana-cultural-de-sant-jordi\/\" title=\"Read Tallers Jornades Culturals 2018\">Llegeix m\u00e9s\u00bb<\/a><\/p>\n","protected":false},"author":3,"featured_media":0,"comment_status":"closed","ping_status":"closed","sticky":false,"template":"","format":"standard","meta":{"_bbp_topic_count":0,"_bbp_reply_count":0,"_bbp_total_topic_count":0,"_bbp_total_reply_count":0,"_bbp_voice_count":0,"_bbp_anonymous_reply_count":0,"_bbp_topic_count_hidden":0,"_bbp_reply_count_hidden":0,"_bbp_forum_subforum_count":0,"footnotes":""},"categories":[2,4],"tags":[],"class_list":["post-1511","post","type-post","status-publish","format-standard","hentry","category-petits","category-portada"],"post_mailing_queue_ids":[],"_links":{"self":[{"href":"https:\/\/agora.xtec.cat\/ceip-agsantandreu\/wp-json\/wp\/v2\/posts\/1511","targetHints":{"allow":["GET"]}}],"collection":[{"href":"https:\/\/agora.xtec.cat\/ceip-agsantandreu\/wp-json\/wp\/v2\/posts"}],"about":[{"href":"https:\/\/agora.xtec.cat\/ceip-agsantandreu\/wp-json\/wp\/v2\/types\/post"}],"author":[{"embeddable":true,"href":"https:\/\/agora.xtec.cat\/ceip-agsantandreu\/wp-json\/wp\/v2\/users\/3"}],"replies":[{"embeddable":true,"href":"https:\/\/agora.xtec.cat\/ceip-agsantandreu\/wp-json\/wp\/v2\/comments?post=1511"}],"version-history":[{"count":3,"href":"https:\/\/agora.xtec.cat\/ceip-agsantandreu\/wp-json\/wp\/v2\/posts\/1511\/revisions"}],"predecessor-version":[{"id":1538,"href":"https:\/\/agora.xtec.cat\/ceip-agsantandreu\/wp-json\/wp\/v2\/posts\/1511\/revisions\/1538"}],"wp:attachment":[{"href":"https:\/\/agora.xtec.cat\/ceip-agsantandreu\/wp-json\/wp\/v2\/media?parent=1511"}],"wp:term":[{"taxonomy":"category","embeddable":true,"href":"https:\/\/agora.xtec.cat\/ceip-agsantandreu\/wp-json\/wp\/v2\/categories?post=1511"},{"taxonomy":"post_tag","embeddable":true,"href":"https:\/\/agora.xtec.cat\/ceip-agsantandreu\/wp-json\/wp\/v2\/tags?post=1511"}],"curies":[{"name":"wp","href":"https:\/\/api.w.org\/{rel}","templated":true}]}}