{"id":1508,"date":"2018-04-18T15:00:21","date_gmt":"2018-04-18T13:00:21","guid":{"rendered":"http:\/\/agora.xtec.cat\/ceip-agsantandreu\/?p=1508"},"modified":"2018-04-18T15:36:09","modified_gmt":"2018-04-18T13:36:09","slug":"jornades-culturals-2018","status":"publish","type":"post","link":"https:\/\/agora.xtec.cat\/ceip-agsantandreu\/general\/jornades-culturals-2018\/","title":{"rendered":"Jornades Culturals 2018"},"content":{"rendered":"<p>Aquesta setmana estem celebrant les Jornades Culturals 2018 al voltant del tema &#8220;Les 7 meravelles del m\u00f3n&#8221;<\/p>\n<p><a href=\"http:\/\/agora.xtec.cat\/ceip-agsantandreu\/wp-content\/uploads\/usu37\/2018\/04\/mural.jpg\"><img loading=\"lazy\" decoding=\"async\" class=\"wp-image-1513 alignleft\" src=\"http:\/\/agora.xtec.cat\/ceip-agsantandreu\/wp-content\/uploads\/usu37\/2018\/04\/mural.jpg\" alt=\"\" width=\"115\" height=\"86\" srcset=\"https:\/\/agora.xtec.cat\/ceip-agsantandreu\/wp-content\/uploads\/usu37\/2018\/04\/mural.jpg 448w, https:\/\/agora.xtec.cat\/ceip-agsantandreu\/wp-content\/uploads\/usu37\/2018\/04\/mural-300x224.jpg 300w, https:\/\/agora.xtec.cat\/ceip-agsantandreu\/wp-content\/uploads\/usu37\/2018\/04\/mural-200x150.jpg 200w\" sizes=\"auto, (max-width: 115px) 100vw, 115px\" \/><\/a><\/p>\n<p>&nbsp;<\/p>\n<p>Educaci\u00f3 Infantil: La Gran Muralla (Xina)<\/p>\n<p>&nbsp;<\/p>\n<p><a href=\"http:\/\/agora.xtec.cat\/ceip-agsantandreu\/wp-content\/uploads\/usu37\/2018\/04\/chich\u00e9n.jpg\"><img loading=\"lazy\" decoding=\"async\" class=\"wp-image-1514 alignleft\" src=\"http:\/\/agora.xtec.cat\/ceip-agsantandreu\/wp-content\/uploads\/usu37\/2018\/04\/chich\u00e9n.jpg\" alt=\"\" width=\"111\" height=\"83\" srcset=\"https:\/\/agora.xtec.cat\/ceip-agsantandreu\/wp-content\/uploads\/usu37\/2018\/04\/chich\u00e9n.jpg 448w, https:\/\/agora.xtec.cat\/ceip-agsantandreu\/wp-content\/uploads\/usu37\/2018\/04\/chich\u00e9n-300x224.jpg 300w, https:\/\/agora.xtec.cat\/ceip-agsantandreu\/wp-content\/uploads\/usu37\/2018\/04\/chich\u00e9n-200x150.jpg 200w\" sizes=\"auto, (max-width: 111px) 100vw, 111px\" \/><\/a><a href=\"http:\/\/agora.xtec.cat\/ceip-agsantandreu\/wp-content\/uploads\/usu37\/2018\/04\/chich\u00e9n.jpg\">\u00a0<\/a>\u00a01r.\u00a0Chich\u00e9n Itz\u00e1 (M\u00e8xic)<\/p>\n<p><a href=\"http:\/\/agora.xtec.cat\/ceip-agsantandreu\/wp-content\/uploads\/usu37\/2018\/04\/pira.jpg\"><img loading=\"lazy\" decoding=\"async\" class=\"alignnone wp-image-1515\" src=\"http:\/\/agora.xtec.cat\/ceip-agsantandreu\/wp-content\/uploads\/usu37\/2018\/04\/pira.jpg\" alt=\"\" width=\"107\" height=\"81\" srcset=\"https:\/\/agora.xtec.cat\/ceip-agsantandreu\/wp-content\/uploads\/usu37\/2018\/04\/pira.jpg 447w, https:\/\/agora.xtec.cat\/ceip-agsantandreu\/wp-content\/uploads\/usu37\/2018\/04\/pira-300x226.jpg 300w, https:\/\/agora.xtec.cat\/ceip-agsantandreu\/wp-content\/uploads\/usu37\/2018\/04\/pira-200x150.jpg 200w\" sizes=\"auto, (max-width: 107px) 100vw, 107px\" \/><\/a>\u00a0 \u00a0 2n: Les Pir\u00e0mides (Egipte)<\/p>\n<p><a href=\"http:\/\/agora.xtec.cat\/ceip-agsantandreu\/wp-content\/uploads\/usu37\/2018\/04\/Taj.jpg\"><img loading=\"lazy\" decoding=\"async\" class=\"wp-image-1516 alignleft\" src=\"http:\/\/agora.xtec.cat\/ceip-agsantandreu\/wp-content\/uploads\/usu37\/2018\/04\/Taj.jpg\" alt=\"\" width=\"111\" height=\"84\" srcset=\"https:\/\/agora.xtec.cat\/ceip-agsantandreu\/wp-content\/uploads\/usu37\/2018\/04\/Taj.jpg 448w, https:\/\/agora.xtec.cat\/ceip-agsantandreu\/wp-content\/uploads\/usu37\/2018\/04\/Taj-300x225.jpg 300w, https:\/\/agora.xtec.cat\/ceip-agsantandreu\/wp-content\/uploads\/usu37\/2018\/04\/Taj-200x150.jpg 200w\" sizes=\"auto, (max-width: 111px) 100vw, 111px\" \/><\/a>\u00a0\u00a03r: El Taj Mahal (\u00cdndia)<\/p>\n<p><a href=\"http:\/\/agora.xtec.cat\/ceip-agsantandreu\/wp-content\/uploads\/usu37\/2018\/04\/pet.jpg\"><img loading=\"lazy\" decoding=\"async\" class=\"alignnone wp-image-1517\" src=\"http:\/\/agora.xtec.cat\/ceip-agsantandreu\/wp-content\/uploads\/usu37\/2018\/04\/pet.jpg\" alt=\"\" width=\"106\" height=\"79\" srcset=\"https:\/\/agora.xtec.cat\/ceip-agsantandreu\/wp-content\/uploads\/usu37\/2018\/04\/pet.jpg 448w, https:\/\/agora.xtec.cat\/ceip-agsantandreu\/wp-content\/uploads\/usu37\/2018\/04\/pet-300x225.jpg 300w, https:\/\/agora.xtec.cat\/ceip-agsantandreu\/wp-content\/uploads\/usu37\/2018\/04\/pet-200x150.jpg 200w\" sizes=\"auto, (max-width: 106px) 100vw, 106px\" \/><\/a>\u00a0\u00a04t: La ciutat de Petra (Jord\u00e0nia)<\/p>\n<p><img loading=\"lazy\" decoding=\"async\" class=\"wp-image-1519 alignleft\" src=\"http:\/\/agora.xtec.cat\/ceip-agsantandreu\/wp-content\/uploads\/usu37\/2018\/04\/colis.jpg\" alt=\"\" width=\"112\" height=\"83\" srcset=\"https:\/\/agora.xtec.cat\/ceip-agsantandreu\/wp-content\/uploads\/usu37\/2018\/04\/colis.jpg 448w, https:\/\/agora.xtec.cat\/ceip-agsantandreu\/wp-content\/uploads\/usu37\/2018\/04\/colis-300x224.jpg 300w, https:\/\/agora.xtec.cat\/ceip-agsantandreu\/wp-content\/uploads\/usu37\/2018\/04\/colis-200x150.jpg 200w\" sizes=\"auto, (max-width: 112px) 100vw, 112px\" \/>5\u00e8 El Coliseum de Roma (It\u00e0lia)<\/p>\n<p><a href=\"http:\/\/agora.xtec.cat\/ceip-agsantandreu\/wp-content\/uploads\/usu37\/2018\/04\/machu.jpg\"><img loading=\"lazy\" decoding=\"async\" class=\"alignnone wp-image-1521\" src=\"http:\/\/agora.xtec.cat\/ceip-agsantandreu\/wp-content\/uploads\/usu37\/2018\/04\/machu.jpg\" alt=\"\" width=\"104\" height=\"79\" srcset=\"https:\/\/agora.xtec.cat\/ceip-agsantandreu\/wp-content\/uploads\/usu37\/2018\/04\/machu.jpg 442w, https:\/\/agora.xtec.cat\/ceip-agsantandreu\/wp-content\/uploads\/usu37\/2018\/04\/machu-300x228.jpg 300w, https:\/\/agora.xtec.cat\/ceip-agsantandreu\/wp-content\/uploads\/usu37\/2018\/04\/machu-200x150.jpg 200w\" sizes=\"auto, (max-width: 104px) 100vw, 104px\" \/><\/a>\u00a0 6\u00e8: El Machu Picchu (Per\u00fa)<\/p>\n<p>Les activitats i tallers giraran al voltant de cadascuna d&#8217;aquestes meravelles, aix\u00ed com de les seves cultures i civilitzacions.<\/p>\n<p>Agra\u00efm la col\u00b7laboraci\u00f3 de les fam\u00edlies que hi participen.<\/p>\n","protected":false},"excerpt":{"rendered":"<p>Aquesta setmana estem celebrant les Jornades Culturals 2018 al voltant del tema &#8220;Les 7 meravelles del m\u00f3n&#8221;<br \/>\n<a href=\"http:\/\/agora.xtec.cat\/ceip-agsantandreu\/wp-content\/uploads\/usu37\/2018\/04\/mural.jpg\"><\/a><br \/>\n&nbsp;<br \/>\nEducaci\u00f3 Infantil: La Gran Muralla (Xina)<br \/>\n&nbsp;<br \/>\n<a href=\"http:\/\/agora.xtec.cat\/ceip-agsantandreu\/wp-content\/uploads\/usu37\/2018\/04\/chich\u00e9n.jpg\"><\/a><a href=\"http:\/\/agora.xtec.cat\/ceip-agsantandreu\/wp-content\/uploads\/usu37\/2018\/04\/chich\u00e9n.jpg\">\u00a0<\/a>\u00a01r.\u00a0Chich\u00e9n Itz\u00e1 (M\u00e8xic)<br \/>\n<a href=\"http:\/\/agora.xtec.cat\/ceip-agsantandreu\/wp-content\/uploads\/usu37\/2018\/04\/pira.jpg\"><\/a>\u00a0 \u00a0 2n: Les Pir\u00e0mides (Egipte)<br \/>\n<a href=\"http:\/\/agora.xtec.cat\/ceip-agsantandreu\/wp-content\/uploads\/usu37\/2018\/04\/Taj.jpg\"><\/a>\u00a0\u00a03r: El Taj Mahal (\u00cdndia)<br \/>\n<a href=\"http:\/\/agora.xtec.cat\/ceip-agsantandreu\/wp-content\/uploads\/usu37\/2018\/04\/pet.jpg\"><\/a>\u00a0\u00a04t: La ciutat de Petra (Jord\u00e0nia)<br \/>\n5\u00e8 El&hellip;  <a href=\"https:\/\/agora.xtec.cat\/ceip-agsantandreu\/general\/jornades-culturals-2018\/\" title=\"Read Jornades Culturals 2018\">Llegeix m\u00e9s\u00bb<\/a><\/p>\n","protected":false},"author":1,"featured_media":0,"comment_status":"closed","ping_status":"closed","sticky":false,"template":"","format":"standard","meta":{"_bbp_topic_count":0,"_bbp_reply_count":0,"_bbp_total_topic_count":0,"_bbp_total_reply_count":0,"_bbp_voice_count":0,"_bbp_anonymous_reply_count":0,"_bbp_topic_count_hidden":0,"_bbp_reply_count_hidden":0,"_bbp_forum_subforum_count":0,"footnotes":""},"categories":[1,4],"tags":[],"class_list":["post-1508","post","type-post","status-publish","format-standard","hentry","category-general","category-portada"],"post_mailing_queue_ids":[],"_links":{"self":[{"href":"https:\/\/agora.xtec.cat\/ceip-agsantandreu\/wp-json\/wp\/v2\/posts\/1508","targetHints":{"allow":["GET"]}}],"collection":[{"href":"https:\/\/agora.xtec.cat\/ceip-agsantandreu\/wp-json\/wp\/v2\/posts"}],"about":[{"href":"https:\/\/agora.xtec.cat\/ceip-agsantandreu\/wp-json\/wp\/v2\/types\/post"}],"author":[{"embeddable":true,"href":"https:\/\/agora.xtec.cat\/ceip-agsantandreu\/wp-json\/wp\/v2\/users\/1"}],"replies":[{"embeddable":true,"href":"https:\/\/agora.xtec.cat\/ceip-agsantandreu\/wp-json\/wp\/v2\/comments?post=1508"}],"version-history":[{"count":4,"href":"https:\/\/agora.xtec.cat\/ceip-agsantandreu\/wp-json\/wp\/v2\/posts\/1508\/revisions"}],"predecessor-version":[{"id":1536,"href":"https:\/\/agora.xtec.cat\/ceip-agsantandreu\/wp-json\/wp\/v2\/posts\/1508\/revisions\/1536"}],"wp:attachment":[{"href":"https:\/\/agora.xtec.cat\/ceip-agsantandreu\/wp-json\/wp\/v2\/media?parent=1508"}],"wp:term":[{"taxonomy":"category","embeddable":true,"href":"https:\/\/agora.xtec.cat\/ceip-agsantandreu\/wp-json\/wp\/v2\/categories?post=1508"},{"taxonomy":"post_tag","embeddable":true,"href":"https:\/\/agora.xtec.cat\/ceip-agsantandreu\/wp-json\/wp\/v2\/tags?post=1508"}],"curies":[{"name":"wp","href":"https:\/\/api.w.org\/{rel}","templated":true}]}}