{"id":1496,"date":"2018-04-18T15:37:53","date_gmt":"2018-04-18T13:37:53","guid":{"rendered":"http:\/\/agora.xtec.cat\/ceip-agsantandreu\/?p=1496"},"modified":"2018-04-18T23:16:27","modified_gmt":"2018-04-18T21:16:27","slug":"21e-concurs-de-treballs-literaris-de-sant-jordi-sab","status":"publish","type":"post","link":"https:\/\/agora.xtec.cat\/ceip-agsantandreu\/general\/21e-concurs-de-treballs-literaris-de-sant-jordi-sab\/","title":{"rendered":"21\u00e8 Concurs de treballs literaris de Sant Jordi SAB"},"content":{"rendered":"<p>Com cada any, l&#8217;Ajuntament de Sant Andreu de la Barca ha organitzat el 21\u00e8 Concurs de treballs literaris de Sant Jordi amb la participaci\u00f3 de l&#8217;alumnat de tots els centres d&#8217;educaci\u00f3 infantil, prim\u00e0ria i secund\u00e0ria de la nostra poblaci\u00f3.<\/p>\n<p><a href=\"http:\/\/agora.xtec.cat\/ceip-agsantandreu\/wp-content\/uploads\/usu37\/2018\/04\/S.-Jordi.jpg\"><img loading=\"lazy\" decoding=\"async\" class=\" wp-image-1501 alignleft\" src=\"http:\/\/agora.xtec.cat\/ceip-agsantandreu\/wp-content\/uploads\/usu37\/2018\/04\/S.-Jordi.jpg\" alt=\"\" width=\"195\" height=\"254\" srcset=\"https:\/\/agora.xtec.cat\/ceip-agsantandreu\/wp-content\/uploads\/usu37\/2018\/04\/S.-Jordi.jpg 325w, https:\/\/agora.xtec.cat\/ceip-agsantandreu\/wp-content\/uploads\/usu37\/2018\/04\/S.-Jordi-229x300.jpg 229w\" sizes=\"auto, (max-width: 195px) 100vw, 195px\" \/><\/a>La nostra escola estar\u00e0 representada pels seg\u00fcents alumnes:<\/p>\n<p>P3: Lena L\u00f3pez\u00a0 \u00a0 \u00a0 \u00a0 \u00a0 P4: Amina Hamoudane\u00a0 \u00a0 \u00a0 \u00a0 \u00a0P5: Pau Oulego<\/p>\n<p>1r: Aaron Larraz\u00a0 \u00a0 \u00a0 \u00a0 \u00a02n: Nicol\u00e1s Blasco<\/p>\n<p>3r: Gloria Balsera\u00a0 \u00a0 \u00a0 \u00a04t: Jordina Delgado<\/p>\n<p>5\u00e8: Jan Pi\u00f1a\u00a0 \u00a0 \u00a0 \u00a0 \u00a0 \u00a0 \u00a0 \u00a06\u00e8: Joana Cano<\/p>\n<p>Les fam\u00edlies dels alumnes finalistes estan convidades a l&#8217;acte de lliurament de premis que tindr\u00e0 lloc el proper 20 d&#8217;abril, a les 11.00 hores, al Teatre N\u00faria Espert.<\/p>\n<p style=\"text-align: center;\"><span style=\"color: #000000;\"><strong>MOLTES FELICITATS A TOTS I A TOTES!!<\/strong><\/span><\/p>\n","protected":false},"excerpt":{"rendered":"<p>Com cada any, l&#8217;Ajuntament de Sant Andreu de la Barca ha organitzat el 21\u00e8 Concurs de treballs literaris de Sant Jordi amb la participaci\u00f3 de l&#8217;alumnat de tots els centres d&#8217;educaci\u00f3 infantil, prim\u00e0ria i secund\u00e0ria de la nostra poblaci\u00f3.<br \/>\n<a href=\"http:\/\/agora.xtec.cat\/ceip-agsantandreu\/wp-content\/uploads\/usu37\/2018\/04\/S.-Jordi.jpg\"><\/a>La nostra escola estar\u00e0 representada pels&hellip;  <a href=\"https:\/\/agora.xtec.cat\/ceip-agsantandreu\/general\/21e-concurs-de-treballs-literaris-de-sant-jordi-sab\/\" title=\"Read 21\u00e8 Concurs de treballs literaris de Sant Jordi SAB\">Llegeix m\u00e9s\u00bb<\/a><\/p>\n","protected":false},"author":1,"featured_media":0,"comment_status":"closed","ping_status":"closed","sticky":false,"template":"","format":"standard","meta":{"_bbp_topic_count":0,"_bbp_reply_count":0,"_bbp_total_topic_count":0,"_bbp_total_reply_count":0,"_bbp_voice_count":0,"_bbp_anonymous_reply_count":0,"_bbp_topic_count_hidden":0,"_bbp_reply_count_hidden":0,"_bbp_forum_subforum_count":0,"footnotes":""},"categories":[1,4],"tags":[],"class_list":["post-1496","post","type-post","status-publish","format-standard","hentry","category-general","category-portada"],"post_mailing_queue_ids":[],"_links":{"self":[{"href":"https:\/\/agora.xtec.cat\/ceip-agsantandreu\/wp-json\/wp\/v2\/posts\/1496","targetHints":{"allow":["GET"]}}],"collection":[{"href":"https:\/\/agora.xtec.cat\/ceip-agsantandreu\/wp-json\/wp\/v2\/posts"}],"about":[{"href":"https:\/\/agora.xtec.cat\/ceip-agsantandreu\/wp-json\/wp\/v2\/types\/post"}],"author":[{"embeddable":true,"href":"https:\/\/agora.xtec.cat\/ceip-agsantandreu\/wp-json\/wp\/v2\/users\/1"}],"replies":[{"embeddable":true,"href":"https:\/\/agora.xtec.cat\/ceip-agsantandreu\/wp-json\/wp\/v2\/comments?post=1496"}],"version-history":[{"count":3,"href":"https:\/\/agora.xtec.cat\/ceip-agsantandreu\/wp-json\/wp\/v2\/posts\/1496\/revisions"}],"predecessor-version":[{"id":1543,"href":"https:\/\/agora.xtec.cat\/ceip-agsantandreu\/wp-json\/wp\/v2\/posts\/1496\/revisions\/1543"}],"wp:attachment":[{"href":"https:\/\/agora.xtec.cat\/ceip-agsantandreu\/wp-json\/wp\/v2\/media?parent=1496"}],"wp:term":[{"taxonomy":"category","embeddable":true,"href":"https:\/\/agora.xtec.cat\/ceip-agsantandreu\/wp-json\/wp\/v2\/categories?post=1496"},{"taxonomy":"post_tag","embeddable":true,"href":"https:\/\/agora.xtec.cat\/ceip-agsantandreu\/wp-json\/wp\/v2\/tags?post=1496"}],"curies":[{"name":"wp","href":"https:\/\/api.w.org\/{rel}","templated":true}]}}