{"id":1410,"date":"2018-03-20T09:42:05","date_gmt":"2018-03-20T08:42:05","guid":{"rendered":"http:\/\/agora.xtec.cat\/ceip-agsantandreu\/?p=1410"},"modified":"2018-03-20T09:42:05","modified_gmt":"2018-03-20T08:42:05","slug":"el-mon-dels-reptils","status":"publish","type":"post","link":"https:\/\/agora.xtec.cat\/ceip-agsantandreu\/portada\/el-mon-dels-reptils\/","title":{"rendered":"El m\u00f3n dels r\u00e8ptils"},"content":{"rendered":"<p><a href=\"http:\/\/agora.xtec.cat\/ceip-agsantandreu\/wp-content\/uploads\/usu37\/2018\/03\/IMG_2705.jpg\"><img loading=\"lazy\" decoding=\"async\" class=\"aligncenter size-medium wp-image-1411\" src=\"http:\/\/agora.xtec.cat\/ceip-agsantandreu\/wp-content\/uploads\/usu37\/2018\/03\/IMG_2705-300x225.jpg\" alt=\"\" width=\"300\" height=\"225\" srcset=\"https:\/\/agora.xtec.cat\/ceip-agsantandreu\/wp-content\/uploads\/usu37\/2018\/03\/IMG_2705-300x225.jpg 300w, https:\/\/agora.xtec.cat\/ceip-agsantandreu\/wp-content\/uploads\/usu37\/2018\/03\/IMG_2705-200x150.jpg 200w, https:\/\/agora.xtec.cat\/ceip-agsantandreu\/wp-content\/uploads\/usu37\/2018\/03\/IMG_2705.jpg 640w\" sizes=\"auto, (max-width: 300px) 100vw, 300px\" \/><\/a>Els nens i nenes de segon hem volgut fer una exposici\u00f3 dels r\u00e8ptils treballats que m\u00e9s ens agraden. \u00c9s per aix\u00f2 que els vam fer amb plastilina i despr\u00e9s vam fer un mural per col\u00b7locar-los. Ens ha quedat molt bonic!<\/p>\n<p>Mireu!!! <a href=\"https:\/\/photos.app.goo.gl\/irYHLWuPHEkPQhtg1\">FOTOS<\/a><\/p>\n","protected":false},"excerpt":{"rendered":"<p><a href=\"http:\/\/agora.xtec.cat\/ceip-agsantandreu\/wp-content\/uploads\/usu37\/2018\/03\/IMG_2705.jpg\"><\/a>Els nens i nenes de segon hem volgut fer una exposici\u00f3 dels r\u00e8ptils treballats que m\u00e9s ens agraden. \u00c9s per aix\u00f2 que els vam fer amb plastilina i despr\u00e9s vam fer un mural per col\u00b7locar-los. Ens ha quedat molt bonic!<br \/>\nMireu!!! <a href=\"https:\/\/photos.app.goo.gl\/irYHLWuPHEkPQhtg1\">FOTOS<\/a><\/p>\n","protected":false},"author":3,"featured_media":0,"comment_status":"closed","ping_status":"closed","sticky":false,"template":"","format":"standard","meta":{"_bbp_topic_count":0,"_bbp_reply_count":0,"_bbp_total_topic_count":0,"_bbp_total_reply_count":0,"_bbp_voice_count":0,"_bbp_anonymous_reply_count":0,"_bbp_topic_count_hidden":0,"_bbp_reply_count_hidden":0,"_bbp_forum_subforum_count":0,"footnotes":""},"categories":[5,4],"tags":[],"class_list":["post-1410","post","type-post","status-publish","format-standard","hentry","category-mitjans","category-portada"],"post_mailing_queue_ids":[],"_links":{"self":[{"href":"https:\/\/agora.xtec.cat\/ceip-agsantandreu\/wp-json\/wp\/v2\/posts\/1410","targetHints":{"allow":["GET"]}}],"collection":[{"href":"https:\/\/agora.xtec.cat\/ceip-agsantandreu\/wp-json\/wp\/v2\/posts"}],"about":[{"href":"https:\/\/agora.xtec.cat\/ceip-agsantandreu\/wp-json\/wp\/v2\/types\/post"}],"author":[{"embeddable":true,"href":"https:\/\/agora.xtec.cat\/ceip-agsantandreu\/wp-json\/wp\/v2\/users\/3"}],"replies":[{"embeddable":true,"href":"https:\/\/agora.xtec.cat\/ceip-agsantandreu\/wp-json\/wp\/v2\/comments?post=1410"}],"version-history":[{"count":1,"href":"https:\/\/agora.xtec.cat\/ceip-agsantandreu\/wp-json\/wp\/v2\/posts\/1410\/revisions"}],"predecessor-version":[{"id":1412,"href":"https:\/\/agora.xtec.cat\/ceip-agsantandreu\/wp-json\/wp\/v2\/posts\/1410\/revisions\/1412"}],"wp:attachment":[{"href":"https:\/\/agora.xtec.cat\/ceip-agsantandreu\/wp-json\/wp\/v2\/media?parent=1410"}],"wp:term":[{"taxonomy":"category","embeddable":true,"href":"https:\/\/agora.xtec.cat\/ceip-agsantandreu\/wp-json\/wp\/v2\/categories?post=1410"},{"taxonomy":"post_tag","embeddable":true,"href":"https:\/\/agora.xtec.cat\/ceip-agsantandreu\/wp-json\/wp\/v2\/tags?post=1410"}],"curies":[{"name":"wp","href":"https:\/\/api.w.org\/{rel}","templated":true}]}}