{"id":1375,"date":"2018-03-06T11:50:39","date_gmt":"2018-03-06T10:50:39","guid":{"rendered":"http:\/\/agora.xtec.cat\/ceip-agsantandreu\/?p=1375"},"modified":"2018-03-07T23:26:01","modified_gmt":"2018-03-07T22:26:01","slug":"cantata-rebel%e2%80%a2lio-a-la-cuina","status":"publish","type":"post","link":"https:\/\/agora.xtec.cat\/ceip-agsantandreu\/portada\/cantata-rebel%e2%80%a2lio-a-la-cuina\/","title":{"rendered":"Cantata \u201cRebel\u00b7li\u00f3 a la cuina\u201d"},"content":{"rendered":"<p><a href=\"http:\/\/agora.xtec.cat\/ceip-agsantandreu\/wp-content\/uploads\/usu37\/2018\/03\/IMG_20180304_103656-Copiar.jpg\"><img loading=\"lazy\" decoding=\"async\" class=\" wp-image-1384 alignleft\" src=\"http:\/\/agora.xtec.cat\/ceip-agsantandreu\/wp-content\/uploads\/usu37\/2018\/03\/IMG_20180304_103656-Copiar-300x225.jpg\" alt=\"\" width=\"301\" height=\"226\" srcset=\"https:\/\/agora.xtec.cat\/ceip-agsantandreu\/wp-content\/uploads\/usu37\/2018\/03\/IMG_20180304_103656-Copiar-300x225.jpg 300w, https:\/\/agora.xtec.cat\/ceip-agsantandreu\/wp-content\/uploads\/usu37\/2018\/03\/IMG_20180304_103656-Copiar-768x576.jpg 768w, https:\/\/agora.xtec.cat\/ceip-agsantandreu\/wp-content\/uploads\/usu37\/2018\/03\/IMG_20180304_103656-Copiar.jpg 1024w, https:\/\/agora.xtec.cat\/ceip-agsantandreu\/wp-content\/uploads\/usu37\/2018\/03\/IMG_20180304_103656-Copiar-200x150.jpg 200w\" sizes=\"auto, (max-width: 301px) 100vw, 301px\" \/><\/a><\/p>\n<p>El diumenge dia 4 de mar\u00e7, els nens i nenes de primer, vam anar al teatre N\u00faria \u00a0Espert per representar durant el mat\u00ed en directe la cantata \u201cRebel\u00b7li\u00f3 a la cuina\u201d. Aquest \u00e9s el segon curs en el que hem participat en aquest projecte musical en conjunt amb l\u2019escola municipal de m\u00fasica i dansa i l\u2019ajuntament de Sant Andreu de la Barca. Una cantata \u00e9s un conte musical en el que hi apareixen can\u00e7ons. Des de l\u2019\u00e0rea de m\u00fasica hem estat treballant-les tot aquest segon trimestre per tal de poder gaudir-les tots junts el dia de l\u2019actuaci\u00f3! Va anar molt b\u00e9! Aqu\u00ed us deixem unes quantes fotos d\u2019aquell dia. Agrair de tot cor a les fam\u00edlies que van poder venir aquell diumenge!!!<\/p>\n<p><a href=\"https:\/\/photos.app.goo.gl\/mAgmCA3aucuQnXdH3\">FOTOS<\/a><\/p>\n","protected":false},"excerpt":{"rendered":"<p><a href=\"http:\/\/agora.xtec.cat\/ceip-agsantandreu\/wp-content\/uploads\/usu37\/2018\/03\/IMG_20180304_103656-Copiar.jpg\"><\/a><br \/>\nEl diumenge dia 4 de mar\u00e7, els nens i nenes de primer, vam anar al teatre N\u00faria \u00a0Espert per representar durant el mat\u00ed en directe la cantata \u201cRebel\u00b7li\u00f3 a la cuina\u201d. Aquest \u00e9s el segon curs en el que hem participat en aquest projecte&hellip;  <a href=\"https:\/\/agora.xtec.cat\/ceip-agsantandreu\/portada\/cantata-rebel%e2%80%a2lio-a-la-cuina\/\" title=\"Read Cantata \u201cRebel\u00b7li\u00f3 a la cuina\u201d\">Llegeix m\u00e9s\u00bb<\/a><\/p>\n","protected":false},"author":3,"featured_media":0,"comment_status":"closed","ping_status":"closed","sticky":false,"template":"","format":"standard","meta":{"_bbp_topic_count":0,"_bbp_reply_count":0,"_bbp_total_topic_count":0,"_bbp_total_reply_count":0,"_bbp_voice_count":0,"_bbp_anonymous_reply_count":0,"_bbp_topic_count_hidden":0,"_bbp_reply_count_hidden":0,"_bbp_forum_subforum_count":0,"footnotes":""},"categories":[5,4],"tags":[],"class_list":["post-1375","post","type-post","status-publish","format-standard","hentry","category-mitjans","category-portada"],"post_mailing_queue_ids":[],"_links":{"self":[{"href":"https:\/\/agora.xtec.cat\/ceip-agsantandreu\/wp-json\/wp\/v2\/posts\/1375","targetHints":{"allow":["GET"]}}],"collection":[{"href":"https:\/\/agora.xtec.cat\/ceip-agsantandreu\/wp-json\/wp\/v2\/posts"}],"about":[{"href":"https:\/\/agora.xtec.cat\/ceip-agsantandreu\/wp-json\/wp\/v2\/types\/post"}],"author":[{"embeddable":true,"href":"https:\/\/agora.xtec.cat\/ceip-agsantandreu\/wp-json\/wp\/v2\/users\/3"}],"replies":[{"embeddable":true,"href":"https:\/\/agora.xtec.cat\/ceip-agsantandreu\/wp-json\/wp\/v2\/comments?post=1375"}],"version-history":[{"count":4,"href":"https:\/\/agora.xtec.cat\/ceip-agsantandreu\/wp-json\/wp\/v2\/posts\/1375\/revisions"}],"predecessor-version":[{"id":1394,"href":"https:\/\/agora.xtec.cat\/ceip-agsantandreu\/wp-json\/wp\/v2\/posts\/1375\/revisions\/1394"}],"wp:attachment":[{"href":"https:\/\/agora.xtec.cat\/ceip-agsantandreu\/wp-json\/wp\/v2\/media?parent=1375"}],"wp:term":[{"taxonomy":"category","embeddable":true,"href":"https:\/\/agora.xtec.cat\/ceip-agsantandreu\/wp-json\/wp\/v2\/categories?post=1375"},{"taxonomy":"post_tag","embeddable":true,"href":"https:\/\/agora.xtec.cat\/ceip-agsantandreu\/wp-json\/wp\/v2\/tags?post=1375"}],"curies":[{"name":"wp","href":"https:\/\/api.w.org\/{rel}","templated":true}]}}