{"id":1307,"date":"2018-02-14T15:30:49","date_gmt":"2018-02-14T14:30:49","guid":{"rendered":"http:\/\/agora.xtec.cat\/ceip-agsantandreu\/?p=1307"},"modified":"2018-02-14T15:30:56","modified_gmt":"2018-02-14T14:30:56","slug":"menu-menjador-escolar-febrer","status":"publish","type":"post","link":"https:\/\/agora.xtec.cat\/ceip-agsantandreu\/serveis\/menjador\/menu-menjador-escolar-febrer\/","title":{"rendered":"Men\u00fa menjador escolar Febrer"},"content":{"rendered":"<p><a href=\"http:\/\/agora.xtec.cat\/ceip-agsantandreu\/wp-content\/uploads\/usu37\/2018\/02\/imatge-men\u00fa-escolar.png\"><img loading=\"lazy\" decoding=\"async\" class=\"alignleft wp-image-1312 size-full\" src=\"http:\/\/agora.xtec.cat\/ceip-agsantandreu\/wp-content\/uploads\/usu37\/2018\/02\/imatge-men\u00fa-escolar.png\" alt=\"\" width=\"256\" height=\"146\" \/><\/a>Si voleu consultar el men\u00fa del mes de febrer, cliqueu a sobre de l&#8217;enlla\u00e7 seg\u00fcent:<\/p>\n<p><a href=\"http:\/\/agora.xtec.cat\/ceip-agsantandreu\/wp-content\/uploads\/usu37\/2018\/02\/Men\u00fa-menjador-Febrer-2018.pdf\">Men\u00fa menjador Febrer 2018<\/a><\/p>\n","protected":false},"excerpt":{"rendered":"<p><a href=\"http:\/\/agora.xtec.cat\/ceip-agsantandreu\/wp-content\/uploads\/usu37\/2018\/02\/imatge-men\u00fa-escolar.png\"><\/a>Si voleu consultar el men\u00fa del mes de febrer, cliqueu a sobre de l&#8217;enlla\u00e7 seg\u00fcent:<br \/>\n<a href=\"http:\/\/agora.xtec.cat\/ceip-agsantandreu\/wp-content\/uploads\/usu37\/2018\/02\/Men\u00fa-menjador-Febrer-2018.pdf\">Men\u00fa menjador Febrer 2018<\/a><\/p>\n","protected":false},"author":1,"featured_media":0,"comment_status":"closed","ping_status":"closed","sticky":false,"template":"","format":"standard","meta":{"_bbp_topic_count":0,"_bbp_reply_count":0,"_bbp_total_topic_count":0,"_bbp_total_reply_count":0,"_bbp_voice_count":0,"_bbp_anonymous_reply_count":0,"_bbp_topic_count_hidden":0,"_bbp_reply_count_hidden":0,"_bbp_forum_subforum_count":0,"footnotes":""},"categories":[62],"tags":[73],"class_list":["post-1307","post","type-post","status-publish","format-standard","hentry","category-menjador","tag-menu-febrer"],"post_mailing_queue_ids":[],"_links":{"self":[{"href":"https:\/\/agora.xtec.cat\/ceip-agsantandreu\/wp-json\/wp\/v2\/posts\/1307","targetHints":{"allow":["GET"]}}],"collection":[{"href":"https:\/\/agora.xtec.cat\/ceip-agsantandreu\/wp-json\/wp\/v2\/posts"}],"about":[{"href":"https:\/\/agora.xtec.cat\/ceip-agsantandreu\/wp-json\/wp\/v2\/types\/post"}],"author":[{"embeddable":true,"href":"https:\/\/agora.xtec.cat\/ceip-agsantandreu\/wp-json\/wp\/v2\/users\/1"}],"replies":[{"embeddable":true,"href":"https:\/\/agora.xtec.cat\/ceip-agsantandreu\/wp-json\/wp\/v2\/comments?post=1307"}],"version-history":[{"count":4,"href":"https:\/\/agora.xtec.cat\/ceip-agsantandreu\/wp-json\/wp\/v2\/posts\/1307\/revisions"}],"predecessor-version":[{"id":1317,"href":"https:\/\/agora.xtec.cat\/ceip-agsantandreu\/wp-json\/wp\/v2\/posts\/1307\/revisions\/1317"}],"wp:attachment":[{"href":"https:\/\/agora.xtec.cat\/ceip-agsantandreu\/wp-json\/wp\/v2\/media?parent=1307"}],"wp:term":[{"taxonomy":"category","embeddable":true,"href":"https:\/\/agora.xtec.cat\/ceip-agsantandreu\/wp-json\/wp\/v2\/categories?post=1307"},{"taxonomy":"post_tag","embeddable":true,"href":"https:\/\/agora.xtec.cat\/ceip-agsantandreu\/wp-json\/wp\/v2\/tags?post=1307"}],"curies":[{"name":"wp","href":"https:\/\/api.w.org\/{rel}","templated":true}]}}