{"id":1298,"date":"2018-02-09T12:32:11","date_gmt":"2018-02-09T11:32:11","guid":{"rendered":"http:\/\/agora.xtec.cat\/ceip-agsantandreu\/?p=1298"},"modified":"2018-02-09T12:32:11","modified_gmt":"2018-02-09T11:32:11","slug":"carnaval-a-lescola-p3-p4-p5-1r-i-2n","status":"publish","type":"post","link":"https:\/\/agora.xtec.cat\/ceip-agsantandreu\/portada\/carnaval-a-lescola-p3-p4-p5-1r-i-2n\/","title":{"rendered":"Carnaval a l&#8217;Escola (P3, P4, P5, 1r i 2n)"},"content":{"rendered":"<p>La nostra Escola, un any m\u00e9s, celebra el Carnaval amb la tradicional rua pels exteriors del Centre.<\/p>\n<p>Al mat\u00ed, els petits, han llu\u00eft les seves gales, totes elles dignes dels m\u00e9s prestigiosos modista del moment.<\/p>\n<p>Per a aquells que no heu pogut veure, us pengem unes fotografies perqu\u00e8 us feu una idea d&#8217;aquest dia.<\/p>\n<p><a href=\"http:\/\/agora.xtec.cat\/ceip-agsantandreu\/wp-content\/uploads\/usu37\/2018\/02\/IMG_2754-Copiar.jpg\"><img loading=\"lazy\" decoding=\"async\" class=\"aligncenter size-large wp-image-1299\" src=\"http:\/\/agora.xtec.cat\/ceip-agsantandreu\/wp-content\/uploads\/usu37\/2018\/02\/IMG_2754-Copiar-1024x684.jpg\" alt=\"\" width=\"1024\" height=\"684\" srcset=\"https:\/\/agora.xtec.cat\/ceip-agsantandreu\/wp-content\/uploads\/usu37\/2018\/02\/IMG_2754-Copiar.jpg 1024w, https:\/\/agora.xtec.cat\/ceip-agsantandreu\/wp-content\/uploads\/usu37\/2018\/02\/IMG_2754-Copiar-300x200.jpg 300w, https:\/\/agora.xtec.cat\/ceip-agsantandreu\/wp-content\/uploads\/usu37\/2018\/02\/IMG_2754-Copiar-768x513.jpg 768w\" sizes=\"auto, (max-width: 1024px) 100vw, 1024px\" \/><\/a><\/p>\n<p><a href=\"https:\/\/photos.app.goo.gl\/ovlOayNigmSyfU7G3\">Carnaval 2018<\/a><\/p>\n","protected":false},"excerpt":{"rendered":"<p>La nostra Escola, un any m\u00e9s, celebra el Carnaval amb la tradicional rua pels exteriors del Centre.<br \/>\nAl mat\u00ed, els petits, han llu\u00eft les seves gales, totes elles dignes dels m\u00e9s prestigiosos modista del moment.<br \/>\nPer a aquells que no heu pogut veure, us pengem unes fotografies&hellip;  <a href=\"https:\/\/agora.xtec.cat\/ceip-agsantandreu\/portada\/carnaval-a-lescola-p3-p4-p5-1r-i-2n\/\" title=\"Read Carnaval a l&#8217;Escola (P3, P4, P5, 1r i 2n)\">Llegeix m\u00e9s\u00bb<\/a><\/p>\n","protected":false},"author":3,"featured_media":0,"comment_status":"closed","ping_status":"closed","sticky":false,"template":"","format":"standard","meta":{"_bbp_topic_count":0,"_bbp_reply_count":0,"_bbp_total_topic_count":0,"_bbp_total_reply_count":0,"_bbp_voice_count":0,"_bbp_anonymous_reply_count":0,"_bbp_topic_count_hidden":0,"_bbp_reply_count_hidden":0,"_bbp_forum_subforum_count":0,"footnotes":""},"categories":[4],"tags":[],"class_list":["post-1298","post","type-post","status-publish","format-standard","hentry","category-portada"],"post_mailing_queue_ids":[],"_links":{"self":[{"href":"https:\/\/agora.xtec.cat\/ceip-agsantandreu\/wp-json\/wp\/v2\/posts\/1298","targetHints":{"allow":["GET"]}}],"collection":[{"href":"https:\/\/agora.xtec.cat\/ceip-agsantandreu\/wp-json\/wp\/v2\/posts"}],"about":[{"href":"https:\/\/agora.xtec.cat\/ceip-agsantandreu\/wp-json\/wp\/v2\/types\/post"}],"author":[{"embeddable":true,"href":"https:\/\/agora.xtec.cat\/ceip-agsantandreu\/wp-json\/wp\/v2\/users\/3"}],"replies":[{"embeddable":true,"href":"https:\/\/agora.xtec.cat\/ceip-agsantandreu\/wp-json\/wp\/v2\/comments?post=1298"}],"version-history":[{"count":1,"href":"https:\/\/agora.xtec.cat\/ceip-agsantandreu\/wp-json\/wp\/v2\/posts\/1298\/revisions"}],"predecessor-version":[{"id":1300,"href":"https:\/\/agora.xtec.cat\/ceip-agsantandreu\/wp-json\/wp\/v2\/posts\/1298\/revisions\/1300"}],"wp:attachment":[{"href":"https:\/\/agora.xtec.cat\/ceip-agsantandreu\/wp-json\/wp\/v2\/media?parent=1298"}],"wp:term":[{"taxonomy":"category","embeddable":true,"href":"https:\/\/agora.xtec.cat\/ceip-agsantandreu\/wp-json\/wp\/v2\/categories?post=1298"},{"taxonomy":"post_tag","embeddable":true,"href":"https:\/\/agora.xtec.cat\/ceip-agsantandreu\/wp-json\/wp\/v2\/tags?post=1298"}],"curies":[{"name":"wp","href":"https:\/\/api.w.org\/{rel}","templated":true}]}}