{"id":1227,"date":"2018-02-02T16:05:28","date_gmt":"2018-02-02T15:05:28","guid":{"rendered":"http:\/\/agora.xtec.cat\/ceip-agsantandreu\/?p=1227"},"modified":"2018-02-02T16:18:18","modified_gmt":"2018-02-02T15:18:18","slug":"avui-arriba-a-lescola-el-rei-carnestoltes","status":"publish","type":"post","link":"https:\/\/agora.xtec.cat\/ceip-agsantandreu\/portada\/avui-arriba-a-lescola-el-rei-carnestoltes\/","title":{"rendered":"Avui arriba a l&#8217;escola el Rei Carnestoltes"},"content":{"rendered":"<p><a href=\"http:\/\/agora.xtec.cat\/ceip-agsantandreu\/wp-content\/uploads\/usu37\/2018\/02\/Rei-Carnestoltes-amb-logo.jpg\"><img loading=\"lazy\" decoding=\"async\" class=\"wp-image-1230 alignleft\" src=\"http:\/\/agora.xtec.cat\/ceip-agsantandreu\/wp-content\/uploads\/usu37\/2018\/02\/Rei-Carnestoltes-amb-logo.jpg\" alt=\"\" width=\"381\" height=\"330\" srcset=\"https:\/\/agora.xtec.cat\/ceip-agsantandreu\/wp-content\/uploads\/usu37\/2018\/02\/Rei-Carnestoltes-amb-logo.jpg 525w, https:\/\/agora.xtec.cat\/ceip-agsantandreu\/wp-content\/uploads\/usu37\/2018\/02\/Rei-Carnestoltes-amb-logo-300x259.jpg 300w\" sizes=\"auto, (max-width: 381px) 100vw, 381px\" \/><\/a><\/p>\n<p>Aquesta tarda els nens i nenes de l&#8217;escola hem rebut al Rei Carnestoltes que ens ha deixat les seg\u00fcents consignes:<\/p>\n<p>El DILLUNS amb el cap ben guarnit passarem un dia ben divertit !<\/p>\n<p>El DIMARTS portarem la roba del rev\u00e9s des del m\u00e9s alt al m\u00e9s baixet !<\/p>\n<p>El DIMECRES la cara pintada portarem i aix\u00ed uns dels altres contemplant-nos gaudirem !<\/p>\n<p>El DIJOUS amb una corbata o un corbat\u00ed al nostre coll brillarem tot el dia com el sol !<\/p>\n<p>I el DIVENDRES tots plegats celebrarem el CARNAVAL !<\/p>\n<p><a href=\"https:\/\/photos.app.goo.gl\/3CWdMH4B0Eksbj4M2\">Clica aqu\u00ed per veure les fotografies<\/a><\/p>\n<p>&nbsp;<\/p>\n<p><a href=\"http:\/\/agora.xtec.cat\/ceip-agsantandreu\/wp-content\/uploads\/usu37\/2018\/02\/carnaval.jpg\"><img loading=\"lazy\" decoding=\"async\" class=\"alignnone size-large wp-image-1234\" src=\"http:\/\/agora.xtec.cat\/ceip-agsantandreu\/wp-content\/uploads\/usu37\/2018\/02\/carnaval-1024x630.jpg\" alt=\"\" width=\"1024\" height=\"630\" srcset=\"https:\/\/agora.xtec.cat\/ceip-agsantandreu\/wp-content\/uploads\/usu37\/2018\/02\/carnaval.jpg 1024w, https:\/\/agora.xtec.cat\/ceip-agsantandreu\/wp-content\/uploads\/usu37\/2018\/02\/carnaval-300x185.jpg 300w, https:\/\/agora.xtec.cat\/ceip-agsantandreu\/wp-content\/uploads\/usu37\/2018\/02\/carnaval-768x473.jpg 768w\" sizes=\"auto, (max-width: 1024px) 100vw, 1024px\" \/><\/a><\/p>\n","protected":false},"excerpt":{"rendered":"<p><a href=\"http:\/\/agora.xtec.cat\/ceip-agsantandreu\/wp-content\/uploads\/usu37\/2018\/02\/Rei-Carnestoltes-amb-logo.jpg\"><\/a><br \/>\nAquesta tarda els nens i nenes de l&#8217;escola hem rebut al Rei Carnestoltes que ens ha deixat les seg\u00fcents consignes:<br \/>\nEl DILLUNS amb el cap ben guarnit passarem un dia ben divertit !<br \/>\nEl DIMARTS portarem la roba del rev\u00e9s des del m\u00e9s alt al m\u00e9s&hellip;  <a href=\"https:\/\/agora.xtec.cat\/ceip-agsantandreu\/portada\/avui-arriba-a-lescola-el-rei-carnestoltes\/\" title=\"Read Avui arriba a l&#8217;escola el Rei Carnestoltes\">Llegeix m\u00e9s\u00bb<\/a><\/p>\n","protected":false},"author":1,"featured_media":0,"comment_status":"closed","ping_status":"closed","sticky":false,"template":"","format":"standard","meta":{"_bbp_topic_count":0,"_bbp_reply_count":0,"_bbp_total_topic_count":0,"_bbp_total_reply_count":0,"_bbp_voice_count":0,"_bbp_anonymous_reply_count":0,"_bbp_topic_count_hidden":0,"_bbp_reply_count_hidden":0,"_bbp_forum_subforum_count":0,"footnotes":""},"categories":[4],"tags":[],"class_list":["post-1227","post","type-post","status-publish","format-standard","hentry","category-portada"],"post_mailing_queue_ids":[],"_links":{"self":[{"href":"https:\/\/agora.xtec.cat\/ceip-agsantandreu\/wp-json\/wp\/v2\/posts\/1227","targetHints":{"allow":["GET"]}}],"collection":[{"href":"https:\/\/agora.xtec.cat\/ceip-agsantandreu\/wp-json\/wp\/v2\/posts"}],"about":[{"href":"https:\/\/agora.xtec.cat\/ceip-agsantandreu\/wp-json\/wp\/v2\/types\/post"}],"author":[{"embeddable":true,"href":"https:\/\/agora.xtec.cat\/ceip-agsantandreu\/wp-json\/wp\/v2\/users\/1"}],"replies":[{"embeddable":true,"href":"https:\/\/agora.xtec.cat\/ceip-agsantandreu\/wp-json\/wp\/v2\/comments?post=1227"}],"version-history":[{"count":3,"href":"https:\/\/agora.xtec.cat\/ceip-agsantandreu\/wp-json\/wp\/v2\/posts\/1227\/revisions"}],"predecessor-version":[{"id":1238,"href":"https:\/\/agora.xtec.cat\/ceip-agsantandreu\/wp-json\/wp\/v2\/posts\/1227\/revisions\/1238"}],"wp:attachment":[{"href":"https:\/\/agora.xtec.cat\/ceip-agsantandreu\/wp-json\/wp\/v2\/media?parent=1227"}],"wp:term":[{"taxonomy":"category","embeddable":true,"href":"https:\/\/agora.xtec.cat\/ceip-agsantandreu\/wp-json\/wp\/v2\/categories?post=1227"},{"taxonomy":"post_tag","embeddable":true,"href":"https:\/\/agora.xtec.cat\/ceip-agsantandreu\/wp-json\/wp\/v2\/tags?post=1227"}],"curies":[{"name":"wp","href":"https:\/\/api.w.org\/{rel}","templated":true}]}}