{"id":1139,"date":"2018-01-11T15:48:39","date_gmt":"2018-01-11T14:48:39","guid":{"rendered":"http:\/\/agora.xtec.cat\/ceip-agsantandreu\/?p=1139"},"modified":"2018-01-11T15:48:39","modified_gmt":"2018-01-11T14:48:39","slug":"carnaval-2018","status":"publish","type":"post","link":"https:\/\/agora.xtec.cat\/ceip-agsantandreu\/portada\/carnaval-2018\/","title":{"rendered":"CARNAVAL 2018"},"content":{"rendered":"<p><a href=\"http:\/\/agora.xtec.cat\/ceip-agsantandreu\/wp-content\/uploads\/usu37\/2018\/01\/baixa.jpg\"><img loading=\"lazy\" decoding=\"async\" class=\"aligncenter size-full wp-image-1140\" src=\"http:\/\/agora.xtec.cat\/ceip-agsantandreu\/wp-content\/uploads\/usu37\/2018\/01\/baixa.jpg\" alt=\"\" width=\"275\" height=\"183\" \/><\/a><\/p>\n<p>El divendres dia 9 de febrer celebrarem el CARNAVAL\u00a0 a l\u2019escola.<\/p>\n<p>Aquest curs s\u2019ha escollit el tema de la M\u00daSICA, la qual cosa vol dir que seria bo que les disfresses fessin \u00a0refer\u00e8ncia a aquest tema.<\/p>\n<p>De P-3 fins a 2n, la disfressa per la Rua del mat\u00ed \u00a0s\u2019elaborar\u00e0 a l\u2019escola . Per la tarda podran venir disfressats\u00a0 de casa lliurement.<\/p>\n<p>De 3r\u00a0 fins a 6\u00e8, les disfresses s\u2019elaboraran a casa. Us animem a participar-hi!<\/p>\n<p>Com cada any el dia 9 farem una rua pel Carrer Bonaventura Pedemonte , a la qual hi esteu convidats.<\/p>\n<p>Us fem arribar l\u2019horari de les dues rues:<\/p>\n<ul>\n<li>Educaci\u00f3 Infantil i Cicle Inicial: 11,45h.<\/li>\n<li>Cicle Mitj\u00e0 i Cicle Superior: 15,30 h. Despr\u00e9s de la Rua i com a cloenda es lliuraran premis al gimn\u00e0s (degut a l\u2019aforament aquesta activitat nom\u00e9s ser\u00e0 adre\u00e7ada a l\u2019alumnat)<\/li>\n<\/ul>\n<p>Aprofitem per recordar-vos que el dilluns dia 12 de febrero \u00e9s festa de lliure disposici\u00f3.<\/p>\n<p>L\u2019Equip Directiu<\/p>\n<p>&nbsp;<\/p>\n","protected":false},"excerpt":{"rendered":"<p><a href=\"http:\/\/agora.xtec.cat\/ceip-agsantandreu\/wp-content\/uploads\/usu37\/2018\/01\/baixa.jpg\"><\/a><br \/>\nEl divendres dia 9 de febrer celebrarem el CARNAVAL\u00a0 a l\u2019escola.<br \/>\nAquest curs s\u2019ha escollit el tema de la M\u00daSICA, la qual cosa vol dir que seria bo que les disfresses fessin \u00a0refer\u00e8ncia a aquest tema.<br \/>\nDe P-3 fins a 2n, la disfressa per la Rua&hellip;  <a href=\"https:\/\/agora.xtec.cat\/ceip-agsantandreu\/portada\/carnaval-2018\/\" title=\"Read CARNAVAL 2018\">Llegeix m\u00e9s\u00bb<\/a><\/p>\n","protected":false},"author":3,"featured_media":0,"comment_status":"closed","ping_status":"closed","sticky":false,"template":"","format":"standard","meta":{"_bbp_topic_count":0,"_bbp_reply_count":0,"_bbp_total_topic_count":0,"_bbp_total_reply_count":0,"_bbp_voice_count":0,"_bbp_anonymous_reply_count":0,"_bbp_topic_count_hidden":0,"_bbp_reply_count_hidden":0,"_bbp_forum_subforum_count":0,"footnotes":""},"categories":[4],"tags":[],"class_list":["post-1139","post","type-post","status-publish","format-standard","hentry","category-portada"],"post_mailing_queue_ids":[],"_links":{"self":[{"href":"https:\/\/agora.xtec.cat\/ceip-agsantandreu\/wp-json\/wp\/v2\/posts\/1139","targetHints":{"allow":["GET"]}}],"collection":[{"href":"https:\/\/agora.xtec.cat\/ceip-agsantandreu\/wp-json\/wp\/v2\/posts"}],"about":[{"href":"https:\/\/agora.xtec.cat\/ceip-agsantandreu\/wp-json\/wp\/v2\/types\/post"}],"author":[{"embeddable":true,"href":"https:\/\/agora.xtec.cat\/ceip-agsantandreu\/wp-json\/wp\/v2\/users\/3"}],"replies":[{"embeddable":true,"href":"https:\/\/agora.xtec.cat\/ceip-agsantandreu\/wp-json\/wp\/v2\/comments?post=1139"}],"version-history":[{"count":1,"href":"https:\/\/agora.xtec.cat\/ceip-agsantandreu\/wp-json\/wp\/v2\/posts\/1139\/revisions"}],"predecessor-version":[{"id":1141,"href":"https:\/\/agora.xtec.cat\/ceip-agsantandreu\/wp-json\/wp\/v2\/posts\/1139\/revisions\/1141"}],"wp:attachment":[{"href":"https:\/\/agora.xtec.cat\/ceip-agsantandreu\/wp-json\/wp\/v2\/media?parent=1139"}],"wp:term":[{"taxonomy":"category","embeddable":true,"href":"https:\/\/agora.xtec.cat\/ceip-agsantandreu\/wp-json\/wp\/v2\/categories?post=1139"},{"taxonomy":"post_tag","embeddable":true,"href":"https:\/\/agora.xtec.cat\/ceip-agsantandreu\/wp-json\/wp\/v2\/tags?post=1139"}],"curies":[{"name":"wp","href":"https:\/\/api.w.org\/{rel}","templated":true}]}}