{"id":1132,"date":"2017-11-10T14:36:58","date_gmt":"2017-11-10T13:36:58","guid":{"rendered":"http:\/\/agora.xtec.cat\/ceip-agsantandreu\/?p=1132"},"modified":"2018-01-18T15:28:39","modified_gmt":"2018-01-18T14:28:39","slug":"sortida-a-tarragona","status":"publish","type":"post","link":"https:\/\/agora.xtec.cat\/ceip-agsantandreu\/comunitats\/grans\/sortida-a-tarragona\/","title":{"rendered":"Sortida a Tarragona"},"content":{"rendered":"<p>Per un dia els alumnes de sis\u00e8 hem intentat con\u00e8ixer l&#8217;\u00e8poca medieval. Hem passejat per la Tarragona de l&#8217;edat mitjana gaudint del llegat hist\u00f2ric d&#8217;aquella \u00e8poca.<\/p>\n<p>El dia va ser intens i no vam parar d&#8217;apendre dels nostres avantpassats.<\/p>\n<p><a href=\"https:\/\/photos.app.goo.gl\/6w8ZbjCNxATHzFZ22\" target=\"_blank\" rel=\"noopener noreferrer\">Fotografies de la sortida<\/a><\/p>\n<p><a href=\"http:\/\/agora.xtec.cat\/ceip-agsantandreu\/wp-content\/uploads\/usu37\/2017\/11\/IMG_20171110_135057.jpg\"><img loading=\"lazy\" decoding=\"async\" class=\"aligncenter size-large wp-image-1135\" src=\"http:\/\/agora.xtec.cat\/ceip-agsantandreu\/wp-content\/uploads\/usu37\/2017\/11\/IMG_20171110_135057-1024x576.jpg\" alt=\"\" width=\"1024\" height=\"576\" srcset=\"https:\/\/agora.xtec.cat\/ceip-agsantandreu\/wp-content\/uploads\/usu37\/2017\/11\/IMG_20171110_135057-1024x576.jpg 1024w, https:\/\/agora.xtec.cat\/ceip-agsantandreu\/wp-content\/uploads\/usu37\/2017\/11\/IMG_20171110_135057-300x169.jpg 300w, https:\/\/agora.xtec.cat\/ceip-agsantandreu\/wp-content\/uploads\/usu37\/2017\/11\/IMG_20171110_135057-768x432.jpg 768w, https:\/\/agora.xtec.cat\/ceip-agsantandreu\/wp-content\/uploads\/usu37\/2017\/11\/IMG_20171110_135057.jpg 1920w\" sizes=\"auto, (max-width: 1024px) 100vw, 1024px\" \/><\/a><\/p>\n","protected":false},"excerpt":{"rendered":"<p>Per un dia els alumnes de sis\u00e8 hem intentat con\u00e8ixer l&#8217;\u00e8poca medieval. Hem passejat per la Tarragona de l&#8217;edat mitjana gaudint del llegat hist\u00f2ric d&#8217;aquella \u00e8poca.<br \/>\nEl dia va ser intens i no vam parar d&#8217;apendre dels nostres avantpassats.<br \/>\n<a href=\"https:\/\/photos.app.goo.gl\/6w8ZbjCNxATHzFZ22\" target=\"_blank\" rel=\"noopener noreferrer\">Fotografies de la sortida<\/a><br \/>\n<a&hellip;  <a href=\"https:\/\/agora.xtec.cat\/ceip-agsantandreu\/comunitats\/grans\/sortida-a-tarragona\/\" title=\"Read Sortida a Tarragona\">Llegeix m\u00e9s\u00bb<\/a><\/p>\n","protected":false},"author":3,"featured_media":1135,"comment_status":"open","ping_status":"closed","sticky":false,"template":"","format":"standard","meta":{"_bbp_topic_count":0,"_bbp_reply_count":0,"_bbp_total_topic_count":0,"_bbp_total_reply_count":0,"_bbp_voice_count":0,"_bbp_anonymous_reply_count":0,"_bbp_topic_count_hidden":0,"_bbp_reply_count_hidden":0,"_bbp_forum_subforum_count":0,"footnotes":""},"categories":[59],"tags":[],"class_list":["post-1132","post","type-post","status-publish","format-standard","has-post-thumbnail","hentry","category-grans"],"post_mailing_queue_ids":[],"_links":{"self":[{"href":"https:\/\/agora.xtec.cat\/ceip-agsantandreu\/wp-json\/wp\/v2\/posts\/1132","targetHints":{"allow":["GET"]}}],"collection":[{"href":"https:\/\/agora.xtec.cat\/ceip-agsantandreu\/wp-json\/wp\/v2\/posts"}],"about":[{"href":"https:\/\/agora.xtec.cat\/ceip-agsantandreu\/wp-json\/wp\/v2\/types\/post"}],"author":[{"embeddable":true,"href":"https:\/\/agora.xtec.cat\/ceip-agsantandreu\/wp-json\/wp\/v2\/users\/3"}],"replies":[{"embeddable":true,"href":"https:\/\/agora.xtec.cat\/ceip-agsantandreu\/wp-json\/wp\/v2\/comments?post=1132"}],"version-history":[{"count":3,"href":"https:\/\/agora.xtec.cat\/ceip-agsantandreu\/wp-json\/wp\/v2\/posts\/1132\/revisions"}],"predecessor-version":[{"id":1168,"href":"https:\/\/agora.xtec.cat\/ceip-agsantandreu\/wp-json\/wp\/v2\/posts\/1132\/revisions\/1168"}],"wp:featuredmedia":[{"embeddable":true,"href":"https:\/\/agora.xtec.cat\/ceip-agsantandreu\/wp-json\/wp\/v2\/media\/1135"}],"wp:attachment":[{"href":"https:\/\/agora.xtec.cat\/ceip-agsantandreu\/wp-json\/wp\/v2\/media?parent=1132"}],"wp:term":[{"taxonomy":"category","embeddable":true,"href":"https:\/\/agora.xtec.cat\/ceip-agsantandreu\/wp-json\/wp\/v2\/categories?post=1132"},{"taxonomy":"post_tag","embeddable":true,"href":"https:\/\/agora.xtec.cat\/ceip-agsantandreu\/wp-json\/wp\/v2\/tags?post=1132"}],"curies":[{"name":"wp","href":"https:\/\/api.w.org\/{rel}","templated":true}]}}