{"id":1122,"date":"2018-01-10T16:47:19","date_gmt":"2018-01-10T15:47:19","guid":{"rendered":"http:\/\/agora.xtec.cat\/ceip-agsantandreu\/?p=1122"},"modified":"2018-01-10T16:47:19","modified_gmt":"2018-01-10T15:47:19","slug":"projecte-deducacio-emocional","status":"publish","type":"post","link":"https:\/\/agora.xtec.cat\/ceip-agsantandreu\/general\/projecte-deducacio-emocional\/","title":{"rendered":"PROJECTE D&#8217;EDUCACI\u00d3 EMOCIONAL"},"content":{"rendered":"<p>&nbsp;<\/p>\n<p style=\"text-align: justify;\">Benvolgudes fa<a href=\"http:\/\/agora.xtec.cat\/ceip-agsantandreu\/wp-content\/uploads\/usu37\/2018\/01\/salut_emocional.png\"><img loading=\"lazy\" decoding=\"async\" class=\"size-full wp-image-1125 alignleft\" src=\"http:\/\/agora.xtec.cat\/ceip-agsantandreu\/wp-content\/uploads\/usu37\/2018\/01\/salut_emocional.png\" alt=\"\" width=\"166\" height=\"168\" \/><\/a>m\u00edlies,<\/p>\n<p style=\"text-align: justify;\">Us\u00a0 informem que durant el primer trimestre els docents de l\u2019escola hem participat en una formaci\u00f3 en centre sobre educaci\u00f3 emocional, a c\u00e0rrec de\u00a0 l\u2019equip SEER. Hem\u00a0 Treballat \u00a0la consci\u00e8ncia emocional, l\u2019elecci\u00f3 personal i la responsabilitat individual, com a conceptes claus de desenvolupament socioemocional.\u00a0 Donar atenci\u00f3 al que sentim, ens ajuda a poder escollir quina \u00e9s la millor decisi\u00f3 i aix\u00ed, en el dia a dia del centre, poder fer les accions corresponents per aconseguir els objectius plantejats com a equip.<\/p>\n<p style=\"text-align: justify;\">Aquest segon trimestre donem amplitud al projecte mitjan\u00e7ant uns tallers gestionats per professionals de l\u2019equip SEER, adre\u00e7ats al nostre alumnat de 4t i 5\u00e8. Treballarem la sensibilitzaci\u00f3 i la promoci\u00f3 del benestar, donant consci\u00e8ncia a les nostres emocions i a les emocions dels altres, detectant\u00a0com estem, per despr\u00e9s poder escollir el cam\u00ed que ens faci sentir b\u00e9 i complir els nostres objectius. Aix\u00ed, a partir de les nostres qualitats i habilitats\u00a0assumir la nostra responsabilitat i\u00a0 donar resposta al malestar, treballant la gesti\u00f3 dels conflictes en el dia a dia.<a href=\"http:\/\/agora.xtec.cat\/ceip-agsantandreu\/wp-content\/uploads\/usu37\/2018\/01\/prevencio.png\"><img loading=\"lazy\" decoding=\"async\" class=\"size-full wp-image-1126 alignright\" src=\"http:\/\/agora.xtec.cat\/ceip-agsantandreu\/wp-content\/uploads\/usu37\/2018\/01\/prevencio.png\" alt=\"\" width=\"166\" height=\"168\" \/><\/a><\/p>\n<p style=\"text-align: justify;\">Per \u00faltim, entre el segon i tercer trimestre tenim la intenci\u00f3 d\u2019estendre el projecte a les fam\u00edlies, a partir de dues confer\u00e8ncies (una adre\u00e7ada a\u00a0Ed. Infantil i Cicle Inicial i l\u2019altra a Cicle Mitj\u00e0 i Superior) tamb\u00e9 a c\u00e0rrec de l\u2019equip SEER.\u00a0 En aquest espai\u00a0 els professionals de SEER tractaran la\u00a0 consci\u00e8ncia emocional pr\u00f2pia i la dels fills\/es per poder acompanyar-los en el seu desenvolupament i creixement de manera saludable, en el m\u00f3n educatiu, familiar i social.<\/p>\n<p>L\u2019Equip Directiu<\/p>\n<p>&nbsp;<\/p>\n","protected":false},"excerpt":{"rendered":"<p>&nbsp;<br \/>\nBenvolgudes fa<a href=\"http:\/\/agora.xtec.cat\/ceip-agsantandreu\/wp-content\/uploads\/usu37\/2018\/01\/salut_emocional.png\"><\/a>m\u00edlies,<br \/>\nUs\u00a0 informem que durant el primer trimestre els docents de l\u2019escola hem participat en una formaci\u00f3 en centre sobre educaci\u00f3 emocional, a c\u00e0rrec de\u00a0 l\u2019equip SEER. Hem\u00a0 Treballat \u00a0la consci\u00e8ncia emocional, l\u2019elecci\u00f3 personal i la responsabilitat individual, com a conceptes claus de desenvolupament&hellip;  <a href=\"https:\/\/agora.xtec.cat\/ceip-agsantandreu\/general\/projecte-deducacio-emocional\/\" title=\"Read PROJECTE D&#8217;EDUCACI\u00d3 EMOCIONAL\">Llegeix m\u00e9s\u00bb<\/a><\/p>\n","protected":false},"author":1,"featured_media":0,"comment_status":"closed","ping_status":"closed","sticky":false,"template":"","format":"standard","meta":{"_bbp_topic_count":0,"_bbp_reply_count":0,"_bbp_total_topic_count":0,"_bbp_total_reply_count":0,"_bbp_voice_count":0,"_bbp_anonymous_reply_count":0,"_bbp_topic_count_hidden":0,"_bbp_reply_count_hidden":0,"_bbp_forum_subforum_count":0,"footnotes":""},"categories":[1,4],"tags":[],"class_list":["post-1122","post","type-post","status-publish","format-standard","hentry","category-general","category-portada"],"post_mailing_queue_ids":[],"_links":{"self":[{"href":"https:\/\/agora.xtec.cat\/ceip-agsantandreu\/wp-json\/wp\/v2\/posts\/1122","targetHints":{"allow":["GET"]}}],"collection":[{"href":"https:\/\/agora.xtec.cat\/ceip-agsantandreu\/wp-json\/wp\/v2\/posts"}],"about":[{"href":"https:\/\/agora.xtec.cat\/ceip-agsantandreu\/wp-json\/wp\/v2\/types\/post"}],"author":[{"embeddable":true,"href":"https:\/\/agora.xtec.cat\/ceip-agsantandreu\/wp-json\/wp\/v2\/users\/1"}],"replies":[{"embeddable":true,"href":"https:\/\/agora.xtec.cat\/ceip-agsantandreu\/wp-json\/wp\/v2\/comments?post=1122"}],"version-history":[{"count":4,"href":"https:\/\/agora.xtec.cat\/ceip-agsantandreu\/wp-json\/wp\/v2\/posts\/1122\/revisions"}],"predecessor-version":[{"id":1138,"href":"https:\/\/agora.xtec.cat\/ceip-agsantandreu\/wp-json\/wp\/v2\/posts\/1122\/revisions\/1138"}],"wp:attachment":[{"href":"https:\/\/agora.xtec.cat\/ceip-agsantandreu\/wp-json\/wp\/v2\/media?parent=1122"}],"wp:term":[{"taxonomy":"category","embeddable":true,"href":"https:\/\/agora.xtec.cat\/ceip-agsantandreu\/wp-json\/wp\/v2\/categories?post=1122"},{"taxonomy":"post_tag","embeddable":true,"href":"https:\/\/agora.xtec.cat\/ceip-agsantandreu\/wp-json\/wp\/v2\/tags?post=1122"}],"curies":[{"name":"wp","href":"https:\/\/api.w.org\/{rel}","templated":true}]}}