{"id":1111,"date":"2017-12-22T13:41:54","date_gmt":"2017-12-22T12:41:54","guid":{"rendered":"http:\/\/agora.xtec.cat\/ceip-agsantandreu\/?p=1111"},"modified":"2017-12-22T13:43:14","modified_gmt":"2017-12-22T12:43:14","slug":"hem-cagat-el-tio-a-infantil","status":"publish","type":"post","link":"https:\/\/agora.xtec.cat\/ceip-agsantandreu\/comunitats\/petits\/hem-cagat-el-tio-a-infantil\/","title":{"rendered":"Hem cagat el Ti\u00f3 a Infantil"},"content":{"rendered":"<p>Avui ha sigut un dia molt emocionant per a tots els nens i nenes d&#8217;infantil!!<\/p>\n<p>Hem fet la cantada del Concert de Nadal, hem esmorzat una xocolata amb melindros bon\u00edssima, i per acabar el mat\u00ed&#8230; hem fet cagar el nostre Ti\u00f3!!<\/p>\n<p style=\"text-align: center\"><a href=\"http:\/\/agora.xtec.cat\/ceip-agsantandreu\/wp-content\/uploads\/usu37\/2017\/12\/20171222_123642-Copiar.jpg\"><img loading=\"lazy\" decoding=\"async\" class=\"alignnone size-medium wp-image-1114\" src=\"http:\/\/agora.xtec.cat\/ceip-agsantandreu\/wp-content\/uploads\/usu37\/2017\/12\/20171222_123642-Copiar-225x300.jpg\" alt=\"\" width=\"225\" height=\"300\" srcset=\"https:\/\/agora.xtec.cat\/ceip-agsantandreu\/wp-content\/uploads\/usu37\/2017\/12\/20171222_123642-Copiar-225x300.jpg 225w, https:\/\/agora.xtec.cat\/ceip-agsantandreu\/wp-content\/uploads\/usu37\/2017\/12\/20171222_123642-Copiar.jpg 600w\" sizes=\"auto, (max-width: 225px) 100vw, 225px\" \/><\/a><\/p>\n<p style=\"text-align: left\"><a href=\"https:\/\/photos.app.goo.gl\/jc9KbWzQpmrsGSof2\">Cliqueu aqu\u00ed per veure les fotografies cagant el Ti\u00f3.<\/a><\/p>\n<p>Que passeu tots molt Bones Festes i un Feli\u00e7 2018!!<\/p>\n<p>Ens veiem aviat!!<\/p>\n","protected":false},"excerpt":{"rendered":"<p>Avui ha sigut un dia molt emocionant per a tots els nens i nenes d&#8217;infantil!!<br \/>\nHem fet la cantada del Concert de Nadal, hem esmorzat una xocolata amb melindros bon\u00edssima, i per acabar el mat\u00ed&#8230; hem fet cagar el nostre Ti\u00f3!!<br \/>\n<a href=\"http:\/\/agora.xtec.cat\/ceip-agsantandreu\/wp-content\/uploads\/usu37\/2017\/12\/20171222_123642-Copiar.jpg\"><\/a><br \/>\n<a href=\"https:\/\/photos.app.goo.gl\/jc9KbWzQpmrsGSof2\">Cliqueu aqu\u00ed per veure&hellip;  <a href=\"https:\/\/agora.xtec.cat\/ceip-agsantandreu\/comunitats\/petits\/hem-cagat-el-tio-a-infantil\/\" title=\"Read Hem cagat el Ti\u00f3 a Infantil\">Llegeix m\u00e9s\u00bb<\/a><\/p>\n","protected":false},"author":3,"featured_media":0,"comment_status":"closed","ping_status":"closed","sticky":false,"template":"","format":"standard","meta":{"_bbp_topic_count":0,"_bbp_reply_count":0,"_bbp_total_topic_count":0,"_bbp_total_reply_count":0,"_bbp_voice_count":0,"_bbp_anonymous_reply_count":0,"_bbp_topic_count_hidden":0,"_bbp_reply_count_hidden":0,"_bbp_forum_subforum_count":0,"footnotes":""},"categories":[2,4],"tags":[],"class_list":["post-1111","post","type-post","status-publish","format-standard","hentry","category-petits","category-portada"],"post_mailing_queue_ids":[],"_links":{"self":[{"href":"https:\/\/agora.xtec.cat\/ceip-agsantandreu\/wp-json\/wp\/v2\/posts\/1111","targetHints":{"allow":["GET"]}}],"collection":[{"href":"https:\/\/agora.xtec.cat\/ceip-agsantandreu\/wp-json\/wp\/v2\/posts"}],"about":[{"href":"https:\/\/agora.xtec.cat\/ceip-agsantandreu\/wp-json\/wp\/v2\/types\/post"}],"author":[{"embeddable":true,"href":"https:\/\/agora.xtec.cat\/ceip-agsantandreu\/wp-json\/wp\/v2\/users\/3"}],"replies":[{"embeddable":true,"href":"https:\/\/agora.xtec.cat\/ceip-agsantandreu\/wp-json\/wp\/v2\/comments?post=1111"}],"version-history":[{"count":1,"href":"https:\/\/agora.xtec.cat\/ceip-agsantandreu\/wp-json\/wp\/v2\/posts\/1111\/revisions"}],"predecessor-version":[{"id":1116,"href":"https:\/\/agora.xtec.cat\/ceip-agsantandreu\/wp-json\/wp\/v2\/posts\/1111\/revisions\/1116"}],"wp:attachment":[{"href":"https:\/\/agora.xtec.cat\/ceip-agsantandreu\/wp-json\/wp\/v2\/media?parent=1111"}],"wp:term":[{"taxonomy":"category","embeddable":true,"href":"https:\/\/agora.xtec.cat\/ceip-agsantandreu\/wp-json\/wp\/v2\/categories?post=1111"},{"taxonomy":"post_tag","embeddable":true,"href":"https:\/\/agora.xtec.cat\/ceip-agsantandreu\/wp-json\/wp\/v2\/tags?post=1111"}],"curies":[{"name":"wp","href":"https:\/\/api.w.org\/{rel}","templated":true}]}}