{"id":1070,"date":"2017-12-13T15:00:56","date_gmt":"2017-12-13T14:00:56","guid":{"rendered":"http:\/\/agora.xtec.cat\/ceip-agsantandreu\/?p=1070"},"modified":"2018-01-03T22:49:30","modified_gmt":"2018-01-03T21:49:30","slug":"concurs-public-menjador-escolar-2018","status":"publish","type":"post","link":"https:\/\/agora.xtec.cat\/ceip-agsantandreu\/serveis\/menjador\/concurs-public-menjador-escolar-2018\/","title":{"rendered":"Concurs P\u00fablic Menjador Escolar 2018"},"content":{"rendered":"<p>Tal com marca la normativa, al gener de 2018 es far\u00e0 Concurs P\u00fablic del Servei de menjador.<\/p>\n<p>La presentaci\u00f3 d&#8217;ofertes al centre s&#8217;haur\u00e0 de fer dins del per\u00edode establert a l&#8217;anunci, en horari de 9:30 a 13:00 h. a la secretaria de l&#8217;escola. Cal tenir en compte que el dia 21 de desembre de 2017 l&#8217;escola romandr\u00e0 tancada amb motiu de les eleccions al Parlament de Catalunya i que durant les vacances escolars (del 23 de desembre al 7 de gener) nom\u00e9s es podran presentar ofertes al Registre dels Serveis Territorials d&#8217;Ensenyament al Baix LLobregat.<\/p>\n<p>Qualsevol dubte o aclariment sobre els Plecs o funcionament del\u00a0servei es contestar\u00e0 a partir del 8 de gener.<\/p>\n<p><strong>Plecs<\/strong><\/p>\n<ul>\n<li>Plec de Cl\u00e0usules Administratives<a href=\"http:\/\/agora.xtec.cat\/ceip-agsantandreu\/wp-content\/uploads\/usu37\/2017\/12\/PCA_catal\u00e0_menjador-compressed.pdf\">\u00a0(catal\u00e0)<\/a>\u00a0 <a href=\"http:\/\/agora.xtec.cat\/ceip-agsantandreu\/wp-content\/uploads\/usu37\/2017\/12\/PCA_castellano_comedor.es_.compressed.pdf\">(castellano)<\/a><\/li>\n<li>Plec de Prescripcions T\u00e8cniques<a href=\"http:\/\/agora.xtec.cat\/ceip-agsantandreu\/wp-content\/uploads\/usu37\/2017\/12\/Plec_PRESCRIPCIONS-T\u00c8CNIQUES_catal\u00e0-1.pdf\">\u00a0(catal\u00e0)<\/a>\u00a0 <a href=\"http:\/\/agora.xtec.cat\/ceip-agsantandreu\/wp-content\/uploads\/usu37\/2017\/12\/Plec_PRESCRIPCIONS-T\u00c8CNIQUES_castellano-2.pdf\">(castellano)<\/a><\/li>\n<\/ul>\n<p><a href=\"https:\/\/contractaciopublica.gencat.cat\/ecofin_pscp\/AppJava\/notice.pscp?idDoc=27571109&amp;reqCode=viewCn&amp;idCap=202184&amp;\">Enlla\u00e7 al DOUE<\/a><\/p>\n<p><a href=\"http:\/\/agora.xtec.cat\/ceip-agsantandreu\/wp-content\/uploads\/usu37\/2017\/12\/BOE-B-2017-74634.pdf\">Anunci BOE<\/a><\/p>\n<p><a href=\"http:\/\/agora.xtec.cat\/ceip-agsantandreu\/wp-content\/uploads\/usu37\/2017\/12\/1651002-Anunci-DOGC.pdf\">Anunci DOGC<\/a><\/p>\n<p>&nbsp;<\/p>\n<p>&nbsp;<\/p>\n","protected":false},"excerpt":{"rendered":"<p>Tal com marca la normativa, al gener de 2018 es far\u00e0 Concurs P\u00fablic del Servei de menjador.<br \/>\nLa presentaci\u00f3 d&#8217;ofertes al centre s&#8217;haur\u00e0 de fer dins del per\u00edode establert a l&#8217;anunci, en horari de 9:30 a 13:00 h. a la secretaria de l&#8217;escola. Cal tenir en&hellip;  <a href=\"https:\/\/agora.xtec.cat\/ceip-agsantandreu\/serveis\/menjador\/concurs-public-menjador-escolar-2018\/\" title=\"Read Concurs P\u00fablic Menjador Escolar 2018\">Llegeix m\u00e9s\u00bb<\/a><\/p>\n","protected":false},"author":1,"featured_media":0,"comment_status":"closed","ping_status":"closed","sticky":false,"template":"","format":"standard","meta":{"_bbp_topic_count":0,"_bbp_reply_count":0,"_bbp_total_topic_count":0,"_bbp_total_reply_count":0,"_bbp_voice_count":0,"_bbp_anonymous_reply_count":0,"_bbp_topic_count_hidden":0,"_bbp_reply_count_hidden":0,"_bbp_forum_subforum_count":0,"footnotes":""},"categories":[62],"tags":[],"class_list":["post-1070","post","type-post","status-publish","format-standard","hentry","category-menjador"],"post_mailing_queue_ids":[],"_links":{"self":[{"href":"https:\/\/agora.xtec.cat\/ceip-agsantandreu\/wp-json\/wp\/v2\/posts\/1070","targetHints":{"allow":["GET"]}}],"collection":[{"href":"https:\/\/agora.xtec.cat\/ceip-agsantandreu\/wp-json\/wp\/v2\/posts"}],"about":[{"href":"https:\/\/agora.xtec.cat\/ceip-agsantandreu\/wp-json\/wp\/v2\/types\/post"}],"author":[{"embeddable":true,"href":"https:\/\/agora.xtec.cat\/ceip-agsantandreu\/wp-json\/wp\/v2\/users\/1"}],"replies":[{"embeddable":true,"href":"https:\/\/agora.xtec.cat\/ceip-agsantandreu\/wp-json\/wp\/v2\/comments?post=1070"}],"version-history":[{"count":3,"href":"https:\/\/agora.xtec.cat\/ceip-agsantandreu\/wp-json\/wp\/v2\/posts\/1070\/revisions"}],"predecessor-version":[{"id":1121,"href":"https:\/\/agora.xtec.cat\/ceip-agsantandreu\/wp-json\/wp\/v2\/posts\/1070\/revisions\/1121"}],"wp:attachment":[{"href":"https:\/\/agora.xtec.cat\/ceip-agsantandreu\/wp-json\/wp\/v2\/media?parent=1070"}],"wp:term":[{"taxonomy":"category","embeddable":true,"href":"https:\/\/agora.xtec.cat\/ceip-agsantandreu\/wp-json\/wp\/v2\/categories?post=1070"},{"taxonomy":"post_tag","embeddable":true,"href":"https:\/\/agora.xtec.cat\/ceip-agsantandreu\/wp-json\/wp\/v2\/tags?post=1070"}],"curies":[{"name":"wp","href":"https:\/\/api.w.org\/{rel}","templated":true}]}}